{"id":12320,"date":"2020-05-31T21:19:25","date_gmt":"2020-05-31T21:19:25","guid":{"rendered":"https:\/\/www.radiopresidenteibanez.cl\/web\/?p=12320"},"modified":"2020-05-31T21:19:29","modified_gmt":"2020-05-31T21:19:29","slug":"cpc-magallanes-dona-protectores-faciales-a-personal-del-hospital-clinico-de-magallanes","status":"publish","type":"post","link":"https:\/\/www.radiopresidenteibanez.cl\/web\/cpc-magallanes-dona-protectores-faciales-a-personal-del-hospital-clinico-de-magallanes\/","title":{"rendered":"CPC MAGALLANES DONA PROTECTORES FACIALES A PERSONAL DEL HOSPITAL CL\u00cdNICO DE MAGALLANES"},"content":{"rendered":"\n<p>A solicitud de la unidad de Hospitalizaci\u00f3n Domiciliaria del Hospital Cl\u00ednico Magallanes (HCM), la multigremial empresarial CPC Magallanes don\u00f3 equipos de protecci\u00f3n personal consistentes en cascos con protecci\u00f3n facial los que son utilizados por personal de salud en su trabajo cotidiano.<\/p>\n\n\n\n<p>Liliam C\u00e1rdenas, enfermera de la unidad de Hospitalizaci\u00f3n Domiciliaria, dijo que el aporte realizado \u201ces de gran ayuda para nosotros ya que nos permite salir todos los d\u00edas con m\u00e1s seguridad y protecci\u00f3n personal para nuestra labor diaria que es en directo contacto con nuestros pacientes para procurar que sigan teniendo la continuidad de atenci\u00f3n y cuidados.\u201d<\/p>\n\n\n\n<p>En tanto, Alejandro Kusanovic, Presidente del gremio agradeci\u00f3 el trabajo que realiza el equipo humano del HCM. \u201cSabemos que se est\u00e1n jugando incluso su propia salud, y por eso nos pareci\u00f3 oportuno acceder a esta petici\u00f3n la que esperamos les sirva tanto a los trabajadores como a los pacientes\u201d, indic\u00f3 el dirigente.<\/p>\n","protected":false},"excerpt":{"rendered":"<p>A solicitud de la unidad de Hospitalizaci\u00f3n Domiciliaria del Hospital Cl\u00ednico Magallanes (HCM), la multigremial empresarial CPC Magallanes don\u00f3 equipos de protecci\u00f3n personal consistentes en cascos con protecci\u00f3n facial los&#8230; <a class=\"read-more\" href=\"https:\/\/www.radiopresidenteibanez.cl\/web\/cpc-magallanes-dona-protectores-faciales-a-personal-del-hospital-clinico-de-magallanes\/\">Leer m\u00e1s<\/a><\/p>\n","protected":false},"author":2,"featured_media":12321,"comment_status":"closed","ping_status":"closed","sticky":false,"template":"","format":"standard","meta":{"footnotes":""},"categories":[1],"tags":[],"class_list":["post-12320","post","type-post","status-publish","format-standard","has-post-thumbnail","hentry","category-cronica"],"_links":{"self":[{"href":"https:\/\/www.radiopresidenteibanez.cl\/web\/wp-json\/wp\/v2\/posts\/12320","targetHints":{"allow":["GET"]}}],"collection":[{"href":"https:\/\/www.radiopresidenteibanez.cl\/web\/wp-json\/wp\/v2\/posts"}],"about":[{"href":"https:\/\/www.radiopresidenteibanez.cl\/web\/wp-json\/wp\/v2\/types\/post"}],"author":[{"embeddable":true,"href":"https:\/\/www.radiopresidenteibanez.cl\/web\/wp-json\/wp\/v2\/users\/2"}],"replies":[{"embeddable":true,"href":"https:\/\/www.radiopresidenteibanez.cl\/web\/wp-json\/wp\/v2\/comments?post=12320"}],"version-history":[{"count":0,"href":"https:\/\/www.radiopresidenteibanez.cl\/web\/wp-json\/wp\/v2\/posts\/12320\/revisions"}],"wp:featuredmedia":[{"embeddable":true,"href":"https:\/\/www.radiopresidenteibanez.cl\/web\/wp-json\/wp\/v2\/media\/12321"}],"wp:attachment":[{"href":"https:\/\/www.radiopresidenteibanez.cl\/web\/wp-json\/wp\/v2\/media?parent=12320"}],"wp:term":[{"taxonomy":"category","embeddable":true,"href":"https:\/\/www.radiopresidenteibanez.cl\/web\/wp-json\/wp\/v2\/categories?post=12320"},{"taxonomy":"post_tag","embeddable":true,"href":"https:\/\/www.radiopresidenteibanez.cl\/web\/wp-json\/wp\/v2\/tags?post=12320"}],"curies":[{"name":"wp","href":"https:\/\/api.w.org\/{rel}","templated":true}]}}