{"id":12315,"date":"2020-05-31T20:03:49","date_gmt":"2020-05-31T20:03:49","guid":{"rendered":"https:\/\/www.radiopresidenteibanez.cl\/web\/?p=12315"},"modified":"2020-05-31T20:03:53","modified_gmt":"2020-05-31T20:03:53","slug":"diputado-bianchi-lanza-campana-de-proteccion-a-los-consumidores-por-cobros-excesivos-en-sus-cuentas-de-servicios-basicos","status":"publish","type":"post","link":"https:\/\/www.radiopresidenteibanez.cl\/web\/diputado-bianchi-lanza-campana-de-proteccion-a-los-consumidores-por-cobros-excesivos-en-sus-cuentas-de-servicios-basicos\/","title":{"rendered":"DIPUTADO BIANCHI LANZA CAMPA\u00d1A DE PROTECCI\u00d3N A LOS CONSUMIDORES POR COBROS EXCESIVOS EN SUS CUENTAS DE SERVICIOS B\u00c1SICOS"},"content":{"rendered":"\n<p>\u201cEn este tiempo donde la gente\nest\u00e1 al filo de poder pagar las cuentas, las empresas no se pueden dar esas\nlicencias, debe haber claridad. Ejerciendo nuestro rol fiscalizador, iniciamos\nuna oficina denuncia para tener conocimiento de estos hechos y ejercer las\nacciones necesarias para defender los derechos de los consumidores\u201d, explic\u00f3 el\ndiputado independiente.<\/p>\n\n\n\n<p>El parlamentario se\u00f1ala que hay\nuna serie de hechos que son abusivos ya que la gente ha visto un alza en sus\ncuentas, por lo que ha comenzado esta campa\u00f1a que busca defender a los\nmagall\u00e1nicos por estos excesos en los cobros de los servicios b\u00e1sicos. <\/p>\n\n\n\n<p>As\u00ed, todo aquel que ha\npercibido este tipo de abusos, podr\u00e1 presentar sus cuentas de manera presencial\nen la oficina parlamentaria ubicada en calle Chilo\u00e9 786 de lunes a viernes entre\nlas 10 y las 13 horas y luego de 15 a 18 horas.<\/p>\n\n\n\n<p>De igual manera, puede enviar\nlas cuentas al mail gabinetediputadobianchi@gmail.com, a trav\u00e9s del Whatsapp +56972461504,\nen la p\u00e1gina de Facebook Karim Bianchi Diputado y resolver sus dudas al n\u00famero\nfijo de la oficina 612224386.<\/p>\n","protected":false},"excerpt":{"rendered":"<p>\u201cEn este tiempo donde la gente est\u00e1 al filo de poder pagar las cuentas, las empresas no se pueden dar esas licencias, debe haber claridad. Ejerciendo nuestro rol fiscalizador, iniciamos&#8230; <a class=\"read-more\" href=\"https:\/\/www.radiopresidenteibanez.cl\/web\/diputado-bianchi-lanza-campana-de-proteccion-a-los-consumidores-por-cobros-excesivos-en-sus-cuentas-de-servicios-basicos\/\">Leer m\u00e1s<\/a><\/p>\n","protected":false},"author":2,"featured_media":5567,"comment_status":"closed","ping_status":"closed","sticky":false,"template":"","format":"standard","meta":{"footnotes":""},"categories":[1],"tags":[],"class_list":["post-12315","post","type-post","status-publish","format-standard","has-post-thumbnail","hentry","category-cronica"],"_links":{"self":[{"href":"https:\/\/www.radiopresidenteibanez.cl\/web\/wp-json\/wp\/v2\/posts\/12315","targetHints":{"allow":["GET"]}}],"collection":[{"href":"https:\/\/www.radiopresidenteibanez.cl\/web\/wp-json\/wp\/v2\/posts"}],"about":[{"href":"https:\/\/www.radiopresidenteibanez.cl\/web\/wp-json\/wp\/v2\/types\/post"}],"author":[{"embeddable":true,"href":"https:\/\/www.radiopresidenteibanez.cl\/web\/wp-json\/wp\/v2\/users\/2"}],"replies":[{"embeddable":true,"href":"https:\/\/www.radiopresidenteibanez.cl\/web\/wp-json\/wp\/v2\/comments?post=12315"}],"version-history":[{"count":0,"href":"https:\/\/www.radiopresidenteibanez.cl\/web\/wp-json\/wp\/v2\/posts\/12315\/revisions"}],"wp:featuredmedia":[{"embeddable":true,"href":"https:\/\/www.radiopresidenteibanez.cl\/web\/wp-json\/wp\/v2\/media\/5567"}],"wp:attachment":[{"href":"https:\/\/www.radiopresidenteibanez.cl\/web\/wp-json\/wp\/v2\/media?parent=12315"}],"wp:term":[{"taxonomy":"category","embeddable":true,"href":"https:\/\/www.radiopresidenteibanez.cl\/web\/wp-json\/wp\/v2\/categories?post=12315"},{"taxonomy":"post_tag","embeddable":true,"href":"https:\/\/www.radiopresidenteibanez.cl\/web\/wp-json\/wp\/v2\/tags?post=12315"}],"curies":[{"name":"wp","href":"https:\/\/api.w.org\/{rel}","templated":true}]}}