{"id":12310,"date":"2020-05-31T19:53:41","date_gmt":"2020-05-31T19:53:41","guid":{"rendered":"https:\/\/www.radiopresidenteibanez.cl\/web\/?p=12310"},"modified":"2020-05-31T19:53:45","modified_gmt":"2020-05-31T19:53:45","slug":"sence-invita-a-capacitarse-a-traves-de-cursos-online-y-gratuitos","status":"publish","type":"post","link":"https:\/\/www.radiopresidenteibanez.cl\/web\/sence-invita-a-capacitarse-a-traves-de-cursos-online-y-gratuitos\/","title":{"rendered":"SENCE INVITA A CAPACITARSE A TRAV\u00c9S DE CURSOS ONLINE Y GRATUITOS"},"content":{"rendered":"\n<p>La crisis laboral\ngatillada por la pandemia del coronavirus ha obligado a cientos de personas a\nbuscar nuevas alternativas de trabajo, emprendimiento y nuevos proyectos o\ntransformar sus ocupaciones presenciales al formato digital.<\/p>\n\n\n\n<p>En este contexto y con\nel fin de impulsar la formaci\u00f3n online y gratuita para que las personas que lo\nrequieran puedan sumar nuevas herramientas que les permita su reincorporaci\u00f3n\nal mercado laboral, el Servicio Nacional de Capacitaci\u00f3n y Empleo (Sence)\nMagallanes ha hecho una nueva invitaci\u00f3n a capacitarse en los casi 70 cursos\ndisponibles para ello.<\/p>\n\n\n\n<p>En palabras de la\nSeremi del Trabajo, Victoria Cort\u00e9s Schiattino, \u201cestamos reforzando el llamado\nque hacemos como gobierno del Presidente Sebasti\u00e1n Pi\u00f1era, para que los\ntrabajadores puedan capacitarse de manera absolutamente gratuita y en l\u00ednea\ndesde sus casas. Es as\u00ed que hoy, el Sence cuenta con un total de 69 cursos con\ncupos disponibles para los cuales s\u00f3lo se requiere ser mayor de 18 a\u00f1os y\ncontar con c\u00e9dula de identidad vigente\u201d, con lo cual se podr\u00e1 ingresar al sitio\nweb de Sence y acceder a la capacitaci\u00f3n.<\/p>\n\n\n\n<p>El objetivo del\nprograma \u201cCursos en L\u00ednea\u201d es poder entregar habilidades que permitan una mejor\nempleabilidad, a trav\u00e9s de capacitaciones en l\u00ednea en algunas \u00e1reas que hoy son\nrelevantes para el mundo laboral.<\/p>\n\n\n\n<p>\u201cEs sumamente\nimportante poder ofrecer alternativas para que las personas puedan desarrollar\nnuevas competencias laborales que, incluso, les permitan reinventarse\nlaboralmente y as\u00ed acceder a nuevas posibilidades de empleabilidad y as\u00ed\ntambi\u00e9n poder llegar a un n\u00famero mayor de personas como complemento a los programas\nsociales que ya est\u00e1n en marcha\u201d, a\u00f1adi\u00f3 Cort\u00e9s.<\/p>\n\n\n\n<p>Al respecto, la\ndirectora regional de Sence, Maribel M\u00e1rquez, reforz\u00f3 la idea de que \u201cestos\ncursos no consideran requisitos de participaci\u00f3n, por lo tanto, permiten\nampliar el alcance y el grupo objetivo que hoy atiende Sence y poder llegar a\nun mayor n\u00famero de personas y usuarios que est\u00e1n requiriendo una nueva\ncapacitaci\u00f3n o habilidades para el trabajo\u201d.<\/p>\n\n\n\n<p>Son cinco las \u00e1reas\nque componen la estructura de este programa: Tecnolog\u00eda de la Informaci\u00f3n;\nEmprendimiento; Idiomas, Deberes, Derechos e Inclusi\u00f3n y Habilidades\nTransversales para el Siglo XXI.<\/p>\n\n\n\n<p>Entre los cursos con\nmayor demanda y que tienen cupos disponibles se encuentran: Analista de Datos,\nComputaci\u00f3n B\u00e1sica, Introducci\u00f3n a la Programaci\u00f3n, Ciberseguridad, Comercio\nDigital, Marketing Digital, Emprendimiento Social, Ideas para crear tu negocio,\nEtiquetado de productos, Promotor Tur\u00edstico, Liderazgo, Habilidades para el\nEmpleo, Habilidades para teletrabajo, Control sobre el estr\u00e9s, Conciliaci\u00f3n de\nla vida laboral y personal, entre los principales.<\/p>\n\n\n\n<p>Para postular se debe\ningresar al sitio <a href=\"http:\/\/www.sence.cl\">www.sence.cl<\/a>, acceder al\nsitio de Elige Mejor Sence y una vez dentro buscar el curso en l\u00ednea de su\ninter\u00e9s y seleccionarlo. Para matricularse deber\u00e1 hacer clic en \u201cInscribirse o\ncontinuar\u201d y realizar el registro con el Rut y Clave Sence o Clave \u00danica. Por\n\u00faltimo, para volver a ingresar a un curso ya seleccionado, se deber\u00e1 ingresar\nde nuevo al sitio Elige Mejor, luego a \u201cMi Perfil\u201d y acceder al curso inscrito.<\/p>\n","protected":false},"excerpt":{"rendered":"<p>La crisis laboral gatillada por la pandemia del coronavirus ha obligado a cientos de personas a buscar nuevas alternativas de trabajo, emprendimiento y nuevos proyectos o transformar sus ocupaciones presenciales&#8230; <a class=\"read-more\" href=\"https:\/\/www.radiopresidenteibanez.cl\/web\/sence-invita-a-capacitarse-a-traves-de-cursos-online-y-gratuitos\/\">Leer m\u00e1s<\/a><\/p>\n","protected":false},"author":2,"featured_media":10712,"comment_status":"closed","ping_status":"closed","sticky":false,"template":"","format":"standard","meta":{"footnotes":""},"categories":[1],"tags":[],"class_list":["post-12310","post","type-post","status-publish","format-standard","has-post-thumbnail","hentry","category-cronica"],"_links":{"self":[{"href":"https:\/\/www.radiopresidenteibanez.cl\/web\/wp-json\/wp\/v2\/posts\/12310","targetHints":{"allow":["GET"]}}],"collection":[{"href":"https:\/\/www.radiopresidenteibanez.cl\/web\/wp-json\/wp\/v2\/posts"}],"about":[{"href":"https:\/\/www.radiopresidenteibanez.cl\/web\/wp-json\/wp\/v2\/types\/post"}],"author":[{"embeddable":true,"href":"https:\/\/www.radiopresidenteibanez.cl\/web\/wp-json\/wp\/v2\/users\/2"}],"replies":[{"embeddable":true,"href":"https:\/\/www.radiopresidenteibanez.cl\/web\/wp-json\/wp\/v2\/comments?post=12310"}],"version-history":[{"count":0,"href":"https:\/\/www.radiopresidenteibanez.cl\/web\/wp-json\/wp\/v2\/posts\/12310\/revisions"}],"wp:featuredmedia":[{"embeddable":true,"href":"https:\/\/www.radiopresidenteibanez.cl\/web\/wp-json\/wp\/v2\/media\/10712"}],"wp:attachment":[{"href":"https:\/\/www.radiopresidenteibanez.cl\/web\/wp-json\/wp\/v2\/media?parent=12310"}],"wp:term":[{"taxonomy":"category","embeddable":true,"href":"https:\/\/www.radiopresidenteibanez.cl\/web\/wp-json\/wp\/v2\/categories?post=12310"},{"taxonomy":"post_tag","embeddable":true,"href":"https:\/\/www.radiopresidenteibanez.cl\/web\/wp-json\/wp\/v2\/tags?post=12310"}],"curies":[{"name":"wp","href":"https:\/\/api.w.org\/{rel}","templated":true}]}}