{"id":12306,"date":"2020-05-29T20:33:50","date_gmt":"2020-05-29T20:33:50","guid":{"rendered":"https:\/\/www.radiopresidenteibanez.cl\/web\/?p=12306"},"modified":"2020-05-29T20:33:54","modified_gmt":"2020-05-29T20:33:54","slug":"seremi-del-trabajo-estamos-en-la-busqueda-de-alternativas-para-apoyar-la-reactivacion-del-mercado-laboral","status":"publish","type":"post","link":"https:\/\/www.radiopresidenteibanez.cl\/web\/seremi-del-trabajo-estamos-en-la-busqueda-de-alternativas-para-apoyar-la-reactivacion-del-mercado-laboral\/","title":{"rendered":"SEREMI DEL TRABAJO: \u201cESTAMOS EN LA B\u00daSQUEDA DE ALTERNATIVAS PARA APOYAR LA REACTIVACI\u00d3N DEL MERCADO LABORAL\u201d"},"content":{"rendered":"\n<p>Esta ma\u00f1ana el\nInstituto Nacional de Estad\u00edsticas (Ine) Magallanes emiti\u00f3 un nuevo informe de\nempleo para la regi\u00f3n, se\u00f1alando en \u00e9l los datos recogidos entre los meses de\nfebrero, marzo y abril de 2020, los cuales dieron cuenta de un incremento en la\ntasa de desocupaci\u00f3n regional.<\/p>\n\n\n\n<p>A esta materia se\nrefiri\u00f3 la Seremi del Trabajo, Victoria Cort\u00e9s Schiattino, quien expres\u00f3 su\npreocupaci\u00f3n por los \u00edndices locales, declarando que \u201cel d\u00eda de hoy se dio a\nconocer el \u00faltimo informe del Instituto Nacional de Estad\u00edsticas respecto a las\ncifras regionales de desempleo y, bueno, tal como esper\u00e1bamos, lamentablemente,\nla tasa de desocupaci\u00f3n tuvo un incremento en los meses de febrero, marzo y\nabril, alcanzando a un 6,0% como tasa de desocupaci\u00f3n, lo que signific\u00f3 un\nincremento de un 1,3% respecto al \u00faltimo informe que ya hab\u00edamos conocido del\ntrimestre m\u00f3vil anterior; y un crecimiento de un 3,1% respecto del mismo\nper\u00edodo del a\u00f1o pasado\u201d.<\/p>\n\n\n\n<p>Asimismo, la autoridad\nanaliz\u00f3 los indicadores de fuerza laboral, ocupaci\u00f3n y g\u00e9nero, se\u00f1alando que, \u201cla\nfuerza de trabajo tambi\u00e9n sufri\u00f3 una disminuci\u00f3n y hoy d\u00eda se sit\u00faa en 88.700\npersonas, con una baja de un 7,9%, mientras que los ocupados hoy d\u00eda alcanzan\nlas 83.360 personas, lo que se traduce en una disminuci\u00f3n de un 10,9%. En\ntanto, las mujeres desocupadas alcanzaron el 6,5% y los hombres el 5,7%\u201d.<\/p>\n\n\n\n<p>En este sentido, el\ndescenso de los ocupados se vio incidido por los rubros de Ense\u00f1anza (-42%),\nComercio (-24,4%) y el sector de Alojamiento y Comidas (-44,7%). En tanto, por\ncategor\u00eda ocupacional los mayores declives se observaron en los trabajadores\npor cuenta propia (-33,7%) y los asalariados privados (-8,3%).&nbsp; <\/p>\n\n\n\n<p>\u201cNos preocupa actualmente\nla evoluci\u00f3n del mercado laboral, ya que la fuerza de trabajo y el n\u00famero de\nocupados muestran un descenso importante y esto se traduce en que existe menos\nempleo y que las personas que est\u00e1n dispuestas a trabajar hoy d\u00eda se encuentran\nimposibilitadas de hacerlo debido, principalmente, a la crisis sanitaria que\nestamos viviendo como consecuencia del covid-19\u201d, explic\u00f3 la secretaria\nregional.<\/p>\n\n\n\n<p>\u201cNo obstante, como\nministerio del Trabajo, estamos en la b\u00fasqueda de alternativas para apoyar la\nreactivaci\u00f3n del mercado laboral en la zona. Por lo mismo es que en las \u00faltimas\nsemanas hemos sostenido reuniones con diversos gremios y sectores a fin de\ndeterminar cu\u00e1les son las mejores formas de lograr esta reactivaci\u00f3n, siempre\ncumpliendo con las medidas de resguardo impuestas por la autoridad sanitaria y\nentendiendo que hoy d\u00eda el foco tiene que estar puesto en el resguardo de la\nvida y salud de todas las personas\u201d, finaliz\u00f3 Cort\u00e9s.<\/p>\n\n\n\n<p>Otros datos relevantes\nque arroj\u00f3 la encuesta a nivel regional fue la tasa de ocupaci\u00f3n informal, que\nse situ\u00f3 en un 16,1%, con un retroceso 2,5 puntos porcentuales en doce meses.<\/p>\n\n\n\n<p>En tanto, a nivel\nnacional, el desempleo fue de 9,0%, aumentando en 1,9 puntos en relaci\u00f3n con un\na\u00f1o atr\u00e1s.<\/p>\n","protected":false},"excerpt":{"rendered":"<p>Esta ma\u00f1ana el Instituto Nacional de Estad\u00edsticas (Ine) Magallanes emiti\u00f3 un nuevo informe de empleo para la regi\u00f3n, se\u00f1alando en \u00e9l los datos recogidos entre los meses de febrero, marzo&#8230; <a class=\"read-more\" href=\"https:\/\/www.radiopresidenteibanez.cl\/web\/seremi-del-trabajo-estamos-en-la-busqueda-de-alternativas-para-apoyar-la-reactivacion-del-mercado-laboral\/\">Leer m\u00e1s<\/a><\/p>\n","protected":false},"author":2,"featured_media":10712,"comment_status":"closed","ping_status":"closed","sticky":false,"template":"","format":"standard","meta":{"footnotes":""},"categories":[1],"tags":[],"class_list":["post-12306","post","type-post","status-publish","format-standard","has-post-thumbnail","hentry","category-cronica"],"_links":{"self":[{"href":"https:\/\/www.radiopresidenteibanez.cl\/web\/wp-json\/wp\/v2\/posts\/12306","targetHints":{"allow":["GET"]}}],"collection":[{"href":"https:\/\/www.radiopresidenteibanez.cl\/web\/wp-json\/wp\/v2\/posts"}],"about":[{"href":"https:\/\/www.radiopresidenteibanez.cl\/web\/wp-json\/wp\/v2\/types\/post"}],"author":[{"embeddable":true,"href":"https:\/\/www.radiopresidenteibanez.cl\/web\/wp-json\/wp\/v2\/users\/2"}],"replies":[{"embeddable":true,"href":"https:\/\/www.radiopresidenteibanez.cl\/web\/wp-json\/wp\/v2\/comments?post=12306"}],"version-history":[{"count":0,"href":"https:\/\/www.radiopresidenteibanez.cl\/web\/wp-json\/wp\/v2\/posts\/12306\/revisions"}],"wp:featuredmedia":[{"embeddable":true,"href":"https:\/\/www.radiopresidenteibanez.cl\/web\/wp-json\/wp\/v2\/media\/10712"}],"wp:attachment":[{"href":"https:\/\/www.radiopresidenteibanez.cl\/web\/wp-json\/wp\/v2\/media?parent=12306"}],"wp:term":[{"taxonomy":"category","embeddable":true,"href":"https:\/\/www.radiopresidenteibanez.cl\/web\/wp-json\/wp\/v2\/categories?post=12306"},{"taxonomy":"post_tag","embeddable":true,"href":"https:\/\/www.radiopresidenteibanez.cl\/web\/wp-json\/wp\/v2\/tags?post=12306"}],"curies":[{"name":"wp","href":"https:\/\/api.w.org\/{rel}","templated":true}]}}