{"id":12300,"date":"2020-05-29T19:04:52","date_gmt":"2020-05-29T19:04:52","guid":{"rendered":"https:\/\/www.radiopresidenteibanez.cl\/web\/?p=12300"},"modified":"2020-05-29T19:04:56","modified_gmt":"2020-05-29T19:04:56","slug":"mop-publica-licitacion-para-ampliar-terminal-del-aerodromo-de-puerto-williams","status":"publish","type":"post","link":"https:\/\/www.radiopresidenteibanez.cl\/web\/mop-publica-licitacion-para-ampliar-terminal-del-aerodromo-de-puerto-williams\/","title":{"rendered":"MOP PUBLICA LICITACI\u00d3N PARA AMPLIAR TERMINAL DEL AER\u00d3DROMO DE PUERTO WILLIAMS"},"content":{"rendered":"\n<p>La Direcci\u00f3n de Aeropuertos del\nMinisterio de Obras P\u00fablicas (MOP), realiz\u00f3 la publicaci\u00f3n este jueves 28 de\nmayo, de la licitaci\u00f3n p\u00fablica para ampliar el terminal del Aer\u00f3dromo\nGuardamarina Za\u00f1artu de Puerto Williams.<\/p>\n\n\n\n<p>El avance de este proyecto\nobedece a una sentida demanda de la comunidad de la Provincia Ant\u00e1rtica, debido\na que el edificio terminal de pasajeros ofrece una reducida capacidad en\nrelaci\u00f3n a su demanda actual, produci\u00e9ndose aglomeraciones de p\u00fablico, alta\ncongesti\u00f3n y disfuncionalidad en los momentos de llegada y salida de vuelos,\nparticularmente con ocasi\u00f3n de operaciones de aviones comerciales BAE-146. <\/p>\n\n\n\n<p>Adem\u00e1s, el Cuartel del Servicio\nde Salvamento y Extinci\u00f3n de Incendios (SSEI), contiguo al Edificio Terminal,\ntambi\u00e9n se ve afectado por falta de capacidad para albergar a la totalidad de\nlos veh\u00edculos y equipos que lo conforman, as\u00ed como cuenta con espacios\ninteriores inadecuados para su personal.<\/p>\n\n\n\n<p>Por esta raz\u00f3n, inform\u00f3 el\nDirector Regional de Aeropuertos del MOP, Hardy Rehbein, se materializar\u00e1 este\nproyecto de ampliaci\u00f3n, que \u201cpermitir\u00e1 entregar una soluci\u00f3n al problema de\ncongesti\u00f3n y disfuncionalidad que presenta el actual Edificio Terminal de\npasajeros para atender vuelos comerciales regulares, con el fin de proporcionar\ncondiciones adecuadas de confort a los usuarios, mejorar la funcionalidad del\nrecinto y permitir la segregaci\u00f3n de flujos de pasajeros de entrada y salida, y\nsu mejor control por parte de personal de la DGAC, como tambi\u00e9n resolver los\ninconvenientes derivados del insuficiente espacio f\u00edsico interior del Cuartel\nde SSEI para albergar la totalidad de su dotaci\u00f3n de veh\u00edculos y equipos\u201d. <\/p>\n\n\n\n<p>Con la publicaci\u00f3n en el diario\noficial, se estableci\u00f3 un plazo de consultas hasta el 26 de junio,\nprogram\u00e1ndose para el 20 de julio la apertura de las ofertas t\u00e9cnicas y para el\n29 de julio la apertura de las ofertas econ\u00f3micas. Ambas, a las 15:30 horas. <\/p>\n\n\n\n<p>Las obras, que tendr\u00e1n un plazo\nde ejecuci\u00f3n de 304 d\u00edas, considerar\u00e1n la ampliaci\u00f3n del edificio terminal de\npasajeros; la creaci\u00f3n de una sala de embarque con ba\u00f1os para pasajeros, la\nampliaci\u00f3n de la zona de desembarque y del hall de espera p\u00fablico, incluida la\nzona de ba\u00f1os p\u00fablicos, y la creaci\u00f3n de un \u00e1rea de retiro y entrega de\nequipaje y ampliaci\u00f3n del edificio SSEI.<\/p>\n\n\n\n<p>\u201cEste proyecto entrega una\nsoluci\u00f3n efectiva al problema de espacio f\u00edsico que afecta a los usuarios del\nactual Edificio Terminal en la llegada y salida de vuelos comerciales\u201d, remarc\u00f3\nel Seremi de Obras P\u00fablicas, Pablo Rendoll, a\u00f1adiendo que \u201cse incrementar\u00e1 en\nm\u00e1s del triple el \u00e1rea destinada a uso p\u00fablico dentro del Edificio Terminal,\ncon las consiguientes mejoras significativas en el nivel de servicio, lo que se\nver\u00e1 reflejado en espacios m\u00e1s amplios y c\u00f3modos para los usuarios, mayor\nfuncionalidad del recinto y la posibilidad de ejercer un control segregado de\nflujos de pasajeros por parte de la DGAC\u201d. <\/p>\n\n\n\n<p>Por otra parte, destac\u00f3 que \u201cel\nCuartel SSEI ver\u00e1 incrementada su superficie \u00fatil en m\u00e1s de un tercio respecto\nde la existente, lo cual permitir\u00e1 albergar en su interior a la totalidad de\nlos veh\u00edculos y equipos de su dotaci\u00f3n, y el mejoramiento de sus dependencias\ninteriores\u201d.<\/p>\n","protected":false},"excerpt":{"rendered":"<p>La Direcci\u00f3n de Aeropuertos del Ministerio de Obras P\u00fablicas (MOP), realiz\u00f3 la publicaci\u00f3n este jueves 28 de mayo, de la licitaci\u00f3n p\u00fablica para ampliar el terminal del Aer\u00f3dromo Guardamarina Za\u00f1artu&#8230; <a class=\"read-more\" href=\"https:\/\/www.radiopresidenteibanez.cl\/web\/mop-publica-licitacion-para-ampliar-terminal-del-aerodromo-de-puerto-williams\/\">Leer m\u00e1s<\/a><\/p>\n","protected":false},"author":2,"featured_media":12301,"comment_status":"closed","ping_status":"closed","sticky":false,"template":"","format":"standard","meta":{"footnotes":""},"categories":[1],"tags":[],"class_list":["post-12300","post","type-post","status-publish","format-standard","has-post-thumbnail","hentry","category-cronica"],"_links":{"self":[{"href":"https:\/\/www.radiopresidenteibanez.cl\/web\/wp-json\/wp\/v2\/posts\/12300","targetHints":{"allow":["GET"]}}],"collection":[{"href":"https:\/\/www.radiopresidenteibanez.cl\/web\/wp-json\/wp\/v2\/posts"}],"about":[{"href":"https:\/\/www.radiopresidenteibanez.cl\/web\/wp-json\/wp\/v2\/types\/post"}],"author":[{"embeddable":true,"href":"https:\/\/www.radiopresidenteibanez.cl\/web\/wp-json\/wp\/v2\/users\/2"}],"replies":[{"embeddable":true,"href":"https:\/\/www.radiopresidenteibanez.cl\/web\/wp-json\/wp\/v2\/comments?post=12300"}],"version-history":[{"count":0,"href":"https:\/\/www.radiopresidenteibanez.cl\/web\/wp-json\/wp\/v2\/posts\/12300\/revisions"}],"wp:featuredmedia":[{"embeddable":true,"href":"https:\/\/www.radiopresidenteibanez.cl\/web\/wp-json\/wp\/v2\/media\/12301"}],"wp:attachment":[{"href":"https:\/\/www.radiopresidenteibanez.cl\/web\/wp-json\/wp\/v2\/media?parent=12300"}],"wp:term":[{"taxonomy":"category","embeddable":true,"href":"https:\/\/www.radiopresidenteibanez.cl\/web\/wp-json\/wp\/v2\/categories?post=12300"},{"taxonomy":"post_tag","embeddable":true,"href":"https:\/\/www.radiopresidenteibanez.cl\/web\/wp-json\/wp\/v2\/tags?post=12300"}],"curies":[{"name":"wp","href":"https:\/\/api.w.org\/{rel}","templated":true}]}}