{"id":123,"date":"2018-12-26T22:33:15","date_gmt":"2018-12-26T22:33:15","guid":{"rendered":"http:\/\/www.radiopresidenteibanez.cl\/web\/?p=123"},"modified":"2018-12-26T22:33:33","modified_gmt":"2018-12-26T22:33:33","slug":"quema-de-arbol-al-interior-del-parque-maria-behety-alerto-a-voluntarios-bomberiles","status":"publish","type":"post","link":"https:\/\/www.radiopresidenteibanez.cl\/web\/quema-de-arbol-al-interior-del-parque-maria-behety-alerto-a-voluntarios-bomberiles\/","title":{"rendered":"QUEMA DE \u00c1RBOL AL INTERIOR DEL PARQUE MAR\u00cdA BEHETY ALERT\u00d3 A VOLUNTARIOS BOMBERILES"},"content":{"rendered":"\n<p>Durante la jornada de ayer se inform\u00f3 la quema de un \u00e1rbol al interior del Parque Mar\u00eda Behety hasta el lugar personal de la empresa \u00c1reas Verdes junto a Bomberos\u00a0de la V\u00aa Compa\u00f1\u00eda \u201cBomba Francia\u201d controlaron el fuego.<\/p>\n\n\n\n<p>Tambi\u00e9n lleg\u00f3 Carabineros al lugar, quienes tomaron la denuncia correspondiente.<\/p>\n\n\n\n<p>Finalmente, con personal del contrato de jardiner\u00eda, se tal\u00f3 el tronco y se retir\u00f3 el material siniestrado.<\/p>\n\n\n\n<p><\/p>\n","protected":false},"excerpt":{"rendered":"<p>Durante la jornada de ayer se inform\u00f3 la quema de un \u00e1rbol al interior del Parque Mar\u00eda Behety hasta el lugar personal de la empresa \u00c1reas Verdes junto a Bomberos\u00a0de&#8230; <a class=\"read-more\" href=\"https:\/\/www.radiopresidenteibanez.cl\/web\/quema-de-arbol-al-interior-del-parque-maria-behety-alerto-a-voluntarios-bomberiles\/\">Leer m\u00e1s<\/a><\/p>\n","protected":false},"author":2,"featured_media":124,"comment_status":"closed","ping_status":"closed","sticky":false,"template":"","format":"standard","meta":{"footnotes":""},"categories":[1],"tags":[],"class_list":["post-123","post","type-post","status-publish","format-standard","has-post-thumbnail","hentry","category-cronica"],"_links":{"self":[{"href":"https:\/\/www.radiopresidenteibanez.cl\/web\/wp-json\/wp\/v2\/posts\/123","targetHints":{"allow":["GET"]}}],"collection":[{"href":"https:\/\/www.radiopresidenteibanez.cl\/web\/wp-json\/wp\/v2\/posts"}],"about":[{"href":"https:\/\/www.radiopresidenteibanez.cl\/web\/wp-json\/wp\/v2\/types\/post"}],"author":[{"embeddable":true,"href":"https:\/\/www.radiopresidenteibanez.cl\/web\/wp-json\/wp\/v2\/users\/2"}],"replies":[{"embeddable":true,"href":"https:\/\/www.radiopresidenteibanez.cl\/web\/wp-json\/wp\/v2\/comments?post=123"}],"version-history":[{"count":0,"href":"https:\/\/www.radiopresidenteibanez.cl\/web\/wp-json\/wp\/v2\/posts\/123\/revisions"}],"wp:featuredmedia":[{"embeddable":true,"href":"https:\/\/www.radiopresidenteibanez.cl\/web\/wp-json\/wp\/v2\/media\/124"}],"wp:attachment":[{"href":"https:\/\/www.radiopresidenteibanez.cl\/web\/wp-json\/wp\/v2\/media?parent=123"}],"wp:term":[{"taxonomy":"category","embeddable":true,"href":"https:\/\/www.radiopresidenteibanez.cl\/web\/wp-json\/wp\/v2\/categories?post=123"},{"taxonomy":"post_tag","embeddable":true,"href":"https:\/\/www.radiopresidenteibanez.cl\/web\/wp-json\/wp\/v2\/tags?post=123"}],"curies":[{"name":"wp","href":"https:\/\/api.w.org\/{rel}","templated":true}]}}