{"id":12296,"date":"2020-05-29T17:28:09","date_gmt":"2020-05-29T17:28:09","guid":{"rendered":"https:\/\/www.radiopresidenteibanez.cl\/web\/?p=12296"},"modified":"2020-05-29T17:28:13","modified_gmt":"2020-05-29T17:28:13","slug":"dia-del-patrimonio-subdere-habilita-sitio-web-para-realizar-visitas-virtuales-a-inmuebles-patrimoniales","status":"publish","type":"post","link":"https:\/\/www.radiopresidenteibanez.cl\/web\/dia-del-patrimonio-subdere-habilita-sitio-web-para-realizar-visitas-virtuales-a-inmuebles-patrimoniales\/","title":{"rendered":"D\u00cdA DEL PATRIMONIO: SUBDERE HABILITA SITIO WEB PARA REALIZAR VISITAS VIRTUALES A INMUEBLES PATRIMONIALES"},"content":{"rendered":"\n<p>Desde 1999 el \u00faltimo fin de\nsemana de mayo ha estado marcado por la celebraci\u00f3n del D\u00eda Del Patrimonio\nCultural. Son dos jornadas completas en las que distintos servicios p\u00fablicos y\nprivados abren sus puertas a la ciudadan\u00eda para que puedan conocer de cerca su\nfuncionamiento y legado cultural. <\/p>\n\n\n\n<p>Sin embargo, este a\u00f1o, en el\nmarco de la emergencia sanitaria producida por el coronavirus, el Gobierno, a\ntrav\u00e9s del Ministerio de Cultura, decidi\u00f3 mantener esta tradici\u00f3n habilitando\nuna serie de plataformas digitales para que las miles de personas que cada a\u00f1o\nparticipan de esta celebraci\u00f3n puedan seguir haci\u00e9ndolo, pero de manera\nvirtual.<\/p>\n\n\n\n<p>En ese contexto, la\nSubsecretar\u00eda de Desarrollo Regional y Administrativo (Subdere), se uni\u00f3 al\n#D\u00edaDelPatrimonioEnCasa mediante la habilitaci\u00f3n del sitio web <a href=\"http:\/\/www.recuperandopatrimonio.cl\"><strong>www.recuperandopatrimonio.cl<\/strong><\/a>, en el que los visitantes\npodr\u00e1n recorrer en 360\u00b0 y de manera virtual 15 inmuebles patrimoniales que han\nsido recuperados a trav\u00e9s del Programa Puesta en Valor del Patrimonio (PVP). <\/p>\n\n\n\n<p>El Palacio Braun Men\u00e9ndez en\nnuestra regi\u00f3n de Magallanes y de la Ant\u00e1rtica Chilena, las Salitreras de\nHumberstone y Santa Laura en la Regi\u00f3n de Tarapac\u00e1, el Fuerte Niebla en la\nRegi\u00f3n de Los R\u00edos, la casa de Las Palmeras perteneciente a la poetisa Gabriela\nMistral en la Regi\u00f3n de Coquimbo, o la antigua Escuela de Cerro Castillo, en la\nRegi\u00f3n de Ays\u00e9n, que fue declarada monumento hist\u00f3rico en el a\u00f1o 2008, son\nparte de los recintos que permite visitar la web.<\/p>\n\n\n\n<p>El sitio tambi\u00e9n alberga\ninformaci\u00f3n y material gr\u00e1fico de otros 68 inmuebles que han sido recuperados a\ntrav\u00e9s del programa PVP en todas las regiones del pa\u00eds. El Fuerte Bulnes, la\nCasa de los Intendentes, la Iglesia San Francisco de Sales y la Casa Stirling\nde Magallanes, la Iglesia de San Pedro de Atacama, el Mercado Puerto de\nValpara\u00edso y la Casa Colorada en la Regi\u00f3n Metropolitana son algunos de ellos. <\/p>\n\n\n\n<p><strong>Recorrido con tu celular<\/strong><\/p>\n\n\n\n<p>Otra de las alternativas\ndispuesta por la Subdere para celebrar este importante d\u00eda es la aplicaci\u00f3n\nRecuperando Patrimonio -disponible solo para Android-, a trav\u00e9s de que, mediante\nla utilizaci\u00f3n de distintos tipos de anteojos <em>cardboard<\/em> (fabricados con\ncart\u00f3n) u <em>oculus gear VR <\/em>(dispositivo con tecnolog\u00eda virtual), los\nusuarios podr\u00e1n realizar visitas en 3D a los inmuebles disponibles. <\/p>\n\n\n\n<p>Cabe destacar que ambas\nalternativas -el sitio web y la app- permanecer\u00e1n disponibles de manera permanente,\npara todos quienes deseen conocer parte de la herencia cultural del pa\u00eds, puedan\nacceder a informaci\u00f3n actualizada.&nbsp; <\/p>\n\n\n\n<p>El\njefe regional de Subdere, Jacques Roux, les invita a visitar adem\u00e1s, el sitio\nweb <strong>www.diadelpatrimonio.cl<\/strong>, donde podr\u00e1n encontrar m\u00e1s de 1.800 eventos\nvirtuales de todo el pa\u00eds, para celebrar &nbsp;desde su casa&nbsp;el vig\u00e9simo primer D\u00eda del\nPatrimonio Cultural en Chile.<\/p>\n","protected":false},"excerpt":{"rendered":"<p>Desde 1999 el \u00faltimo fin de semana de mayo ha estado marcado por la celebraci\u00f3n del D\u00eda Del Patrimonio Cultural. Son dos jornadas completas en las que distintos servicios p\u00fablicos&#8230; <a class=\"read-more\" href=\"https:\/\/www.radiopresidenteibanez.cl\/web\/dia-del-patrimonio-subdere-habilita-sitio-web-para-realizar-visitas-virtuales-a-inmuebles-patrimoniales\/\">Leer m\u00e1s<\/a><\/p>\n","protected":false},"author":2,"featured_media":12297,"comment_status":"closed","ping_status":"closed","sticky":false,"template":"","format":"standard","meta":{"footnotes":""},"categories":[1],"tags":[],"class_list":["post-12296","post","type-post","status-publish","format-standard","has-post-thumbnail","hentry","category-cronica"],"_links":{"self":[{"href":"https:\/\/www.radiopresidenteibanez.cl\/web\/wp-json\/wp\/v2\/posts\/12296","targetHints":{"allow":["GET"]}}],"collection":[{"href":"https:\/\/www.radiopresidenteibanez.cl\/web\/wp-json\/wp\/v2\/posts"}],"about":[{"href":"https:\/\/www.radiopresidenteibanez.cl\/web\/wp-json\/wp\/v2\/types\/post"}],"author":[{"embeddable":true,"href":"https:\/\/www.radiopresidenteibanez.cl\/web\/wp-json\/wp\/v2\/users\/2"}],"replies":[{"embeddable":true,"href":"https:\/\/www.radiopresidenteibanez.cl\/web\/wp-json\/wp\/v2\/comments?post=12296"}],"version-history":[{"count":0,"href":"https:\/\/www.radiopresidenteibanez.cl\/web\/wp-json\/wp\/v2\/posts\/12296\/revisions"}],"wp:featuredmedia":[{"embeddable":true,"href":"https:\/\/www.radiopresidenteibanez.cl\/web\/wp-json\/wp\/v2\/media\/12297"}],"wp:attachment":[{"href":"https:\/\/www.radiopresidenteibanez.cl\/web\/wp-json\/wp\/v2\/media?parent=12296"}],"wp:term":[{"taxonomy":"category","embeddable":true,"href":"https:\/\/www.radiopresidenteibanez.cl\/web\/wp-json\/wp\/v2\/categories?post=12296"},{"taxonomy":"post_tag","embeddable":true,"href":"https:\/\/www.radiopresidenteibanez.cl\/web\/wp-json\/wp\/v2\/tags?post=12296"}],"curies":[{"name":"wp","href":"https:\/\/api.w.org\/{rel}","templated":true}]}}