{"id":12292,"date":"2020-05-29T13:04:53","date_gmt":"2020-05-29T13:04:53","guid":{"rendered":"https:\/\/www.radiopresidenteibanez.cl\/web\/?p=12292"},"modified":"2020-05-30T00:06:25","modified_gmt":"2020-05-30T00:06:25","slug":"mejor-conectividad-por-rolando-martinez","status":"publish","type":"post","link":"https:\/\/www.radiopresidenteibanez.cl\/web\/mejor-conectividad-por-rolando-martinez\/","title":{"rendered":"MEJOR CONECTIVIDAD por Rolando Mart\u00ednez"},"content":{"rendered":"\n<p>En los tiempos que vivimos,\ncon m\u00e1s confinamiento en casa, la conectividad a internet ha jugado un rol\nclave porque muchos realizan teletrabajo de manera continua.<\/p>\n\n\n\n<p>Mientras tanto, en la regi\u00f3n\nde Magallanes somos testigos de c\u00f3mo se desarroll\u00f3 el ansiado proyecto del\ntendido de cable submarino y terrestre de fibra \u00f3ptica que garantiza una\nconectividad digital por territorio nacional. <\/p>\n\n\n\n<p>As\u00ed dejamos de depender \u00fanicamente\nde la conectividad terrestre que se descuelga por la Patagonia argentina y\nahora disponemos de dos sistemas que garantizan una plena conexi\u00f3n, evit\u00e1ndose\nsorpresivos cortes por fallas en el vecino pa\u00eds y que al fallar internet quedamos\ndesconectados en comunicaciones y servicios online como ocurri\u00f3 hace alg\u00fan\ntiempo.<\/p>\n\n\n\n<p>Este proyecto, que fue\ndesestimado en la primera administraci\u00f3n de Sebasti\u00e1n Pi\u00f1era, fue impulsado por\nel gobierno de Michelle Bachelet, con una inversi\u00f3n de US$100 millones y pudo\nhaber sido inaugurado en marzo o abril, pero la pandemia mundial dijo otra\ncosa.<\/p>\n\n\n\n<p>El jueves pasado qued\u00f3\ndefinido el \u00faltimo proceso administrativo que defini\u00f3 el marco tarifario a\ncobrar en los tramos mar\u00edtimos y terrestres para acceder a esta \u201ccarretera\nvirtual\u201d.<\/p>\n\n\n\n<p>Ahora el proceso debe quedar\nvalidado por la Contralor\u00eda General de la Rep\u00fablica con la toma de raz\u00f3n\ndefinitiva del proceso desarrollado entre la Subsecretar\u00eda de\nTelecomunicaciones (Subtel) y los operadores intermediarios que ejecutaron\nestas obras y tienen la concesi\u00f3n para ofrecer los servicios de conectividad a\nlas empresas de telecomunicaciones.<\/p>\n\n\n\n<p>Recordemos que en enero los\nt\u00e9cnicos de la Subtel realizaron las pruebas t\u00e9cnicas de los ramales terrestres\nque instal\u00f3 la empresa Conductividad Austral, al desplegar el cable de fibra\n\u00f3ptica en 740 kil\u00f3metros, para conectar a las provincias de Tierra de Fuego,\nMagallanes y Ultima Esperanza.<\/p>\n\n\n\n<p>Otra obra aparte fue la\nejecutada en 2019 por la empresa CTR que desde Puerto Williams hasta Puerto\nMontt tendi\u00f3 el cable submarino de fibra \u00f3ptica en un trayecto de 2.800\nkil\u00f3metros.<\/p>\n\n\n\n<p>Lo importante ahora es que las\ntres principales compa\u00f1\u00edas de telecomunicaciones, presentes en el mercado\nregional, aprovechen la nueva carretera digital por territorio nacional y con\nello se refuerce la entrega de un buen servicio de conectividad a toda la\nciudadan\u00eda, especialmente a las comunidades que por a\u00f1os han estado postergadas\nde estos avances como Puerto Williams y localidades de Tierra del Fuego.<\/p>\n\n\n\n<p>El valor de disponer de una\nmejor y potente conectividad de internet adquiere relevancia hoy por quienes\ndeben estar m\u00e1s horas conectados a la internet en sus casas para trabajar, por\nlos estudiantes universitarios con clases online y los alumnos de la ense\u00f1anza\nb\u00e1sica y media. <\/p>\n\n\n\n<p>Claro est\u00e1 que uno quisiera\nque tambi\u00e9n la internet llegara al 100% de todos los alumnos. No basta que en\nlas escuelas municipales se les entregue nuevos computadores, desconoci\u00e9ndose\nsi hay alumnos que tienen o no acceso permanente a internet. Una carencia que\nalgunos enfrentan hoy al no poder ver todo el material que les llega a sus\ncorreos.<\/p>\n\n\n\n<p>Hay que destacar cu\u00e1nto\nmejorar\u00e1 la transmisi\u00f3n de im\u00e1genes y datos entre los centros de salud y\nhospitales para consolidar una telemedicina que hace tiempo se ha desarrollado pese\na las limitaciones, pero tambi\u00e9n salvando vidas. As\u00ed como ocurri\u00f3 hace algunos\na\u00f1os con el vecino que fue al cesfam Damianovic por un dolor en el pecho. Al\nverlo el m\u00e9dico le hizo el examen y lo envi\u00f3 por internet al hospital cl\u00ednico\nde Magallanes desde donde le avisaron que el paciente deb\u00eda ser llevado al\nhospital porque estaba con un infarto. <\/p>\n\n\n\n<p>Salv\u00f3 su vida gracias a la conectividad digital.<\/p>\n","protected":false},"excerpt":{"rendered":"<p>En los tiempos que vivimos, con m\u00e1s confinamiento en casa, la conectividad a internet ha jugado un rol clave porque muchos realizan teletrabajo de manera continua. Mientras tanto, en la&#8230; <a class=\"read-more\" href=\"https:\/\/www.radiopresidenteibanez.cl\/web\/mejor-conectividad-por-rolando-martinez\/\">Leer m\u00e1s<\/a><\/p>\n","protected":false},"author":2,"featured_media":12293,"comment_status":"closed","ping_status":"closed","sticky":false,"template":"","format":"standard","meta":{"footnotes":""},"categories":[1],"tags":[],"class_list":["post-12292","post","type-post","status-publish","format-standard","has-post-thumbnail","hentry","category-cronica"],"_links":{"self":[{"href":"https:\/\/www.radiopresidenteibanez.cl\/web\/wp-json\/wp\/v2\/posts\/12292","targetHints":{"allow":["GET"]}}],"collection":[{"href":"https:\/\/www.radiopresidenteibanez.cl\/web\/wp-json\/wp\/v2\/posts"}],"about":[{"href":"https:\/\/www.radiopresidenteibanez.cl\/web\/wp-json\/wp\/v2\/types\/post"}],"author":[{"embeddable":true,"href":"https:\/\/www.radiopresidenteibanez.cl\/web\/wp-json\/wp\/v2\/users\/2"}],"replies":[{"embeddable":true,"href":"https:\/\/www.radiopresidenteibanez.cl\/web\/wp-json\/wp\/v2\/comments?post=12292"}],"version-history":[{"count":0,"href":"https:\/\/www.radiopresidenteibanez.cl\/web\/wp-json\/wp\/v2\/posts\/12292\/revisions"}],"wp:featuredmedia":[{"embeddable":true,"href":"https:\/\/www.radiopresidenteibanez.cl\/web\/wp-json\/wp\/v2\/media\/12293"}],"wp:attachment":[{"href":"https:\/\/www.radiopresidenteibanez.cl\/web\/wp-json\/wp\/v2\/media?parent=12292"}],"wp:term":[{"taxonomy":"category","embeddable":true,"href":"https:\/\/www.radiopresidenteibanez.cl\/web\/wp-json\/wp\/v2\/categories?post=12292"},{"taxonomy":"post_tag","embeddable":true,"href":"https:\/\/www.radiopresidenteibanez.cl\/web\/wp-json\/wp\/v2\/tags?post=12292"}],"curies":[{"name":"wp","href":"https:\/\/api.w.org\/{rel}","templated":true}]}}