{"id":12289,"date":"2020-05-29T12:46:42","date_gmt":"2020-05-29T12:46:42","guid":{"rendered":"https:\/\/www.radiopresidenteibanez.cl\/web\/?p=12289"},"modified":"2020-05-29T12:46:46","modified_gmt":"2020-05-29T12:46:46","slug":"el-servicio-nacional-de-menores-ha-seguido-funcionando-en-tiempos-de-cuarentena-logrando-mantener-en-cero-los-contagios-en-ninos-y-ninas-a-su-cuidado","status":"publish","type":"post","link":"https:\/\/www.radiopresidenteibanez.cl\/web\/el-servicio-nacional-de-menores-ha-seguido-funcionando-en-tiempos-de-cuarentena-logrando-mantener-en-cero-los-contagios-en-ninos-y-ninas-a-su-cuidado\/","title":{"rendered":"EL SERVICIO NACIONAL DE MENORES HA SEGUIDO FUNCIONANDO EN TIEMPOS DE CUARENTENA LOGRANDO MANTENER EN CERO LOS CONTAGIOS EN NI\u00d1OS Y NI\u00d1AS A SU CUIDADO"},"content":{"rendered":"\n<p>Como un gran esfuerzo\nlog\u00edstico es calificado el trabajo realizado por el Servicio Nacional de\nMenores (Sename), por su director regional, Mario Miranda.<\/p>\n\n\n\n<p>Desde que el 15 de\nmarzo se decret\u00f3 la cuarentena obligatoria para todas las residencias del pa\u00eds\npor el presidente Sebasti\u00e1n Pi\u00f1era, como una de las primeras medidas adoptadas\nen lo que se conoce como el \u201cPlan Coronavirus\u201d. Con un gran esfuerzo de los\nequipos de la residencia \u201cIgnazio Sibillo\u201d en Punta Arenas y \u201cMadre Teresa de\nCalcuta\u201d en Puerto Natales, se han mantenido en cero los contagios en los\nni\u00f1os, ni\u00f1as y adolescentes que las habitan. Es importante destacar que ambos\nproyectos son ejecutados por organismos colaboradores acreditados de origen\nregional, quienes han coordinado estrictos protocolos sanitarios, que han sido efectivos,\nadem\u00e1s de actividades educativas y recreativas que aportan al proceso de\nreparaci\u00f3n y protecci\u00f3n de los ni\u00f1os y ni\u00f1as.<\/p>\n\n\n\n<p>Tambi\u00e9n ha sido\nimportante el apoyo prestado por la comunidad, destacando la iniciativa\nimpulsada por la directiva de la Junta de Vecinos Santos Mardones, que a trav\u00e9s\nde un proyecto financiado por la Empresa Nacional del Petr\u00f3leo (Enap), realiz\u00f3\nla donaci\u00f3n de 150 mascarillas, que fueron destinadas para ambas residencias y\ntambi\u00e9n para el Centro de Justicia Juvenil ubicado en Rio de Los Ciervos.<\/p>\n\n\n\n<p>En la comuna de Punta\nArenas se vivieron 5 semanas de cuarentena total, paralizando gran parte de las\nactividades de la comuna, sin embargo, el personal del Sename, se mantuvo con\nuna dotaci\u00f3n presencial, que ha garantizado la atenci\u00f3n constante y oportuna,\ntanto de ambas residencias, como del Centro de Justicia, donde se encuentran\nj\u00f3venes que infringieron la ley, y hoy cumplen su sanci\u00f3n. <\/p>\n\n\n\n<p>Esta\nparalizaci\u00f3n trajo consigo el retraso en el avance de las obras de habilitaci\u00f3n\nde la futura Residencia Familiar de Punta Arenas, un anhelado proyecto\nemblem\u00e1tico que lleva siendo esperado de larga data. En visita a terreno, el\nseremi de Justicia y Derechos Humanos, Fabian Mella; junto al director regional\nde Sename, constataron que se retomaron las obras inmediatamente levantada la\ncuarentena en la comuna, reanud\u00e1ndose tambi\u00e9n, el proceso de selecci\u00f3n de\npersonal del equipo que prontamente estar\u00e1 a cargo de este proyecto.<\/p>\n\n\n\n<p>En\neste sentido el director regional del Sename, Mario Miranda se\u00f1al\u00f3 \u201cha sido una\nardua tarea la que se ha realizado durante estos meses de emergencia sanitaria,\npero es importante destacar la labor realizada por cada uno de los trabajadores\nde nuestro servicio, que nos ha permitido mantenernos hasta hoy, con un \u00f3ptimo\nresultado; sabemos que una pandemia es dif\u00edcil de manejar, sobre todo en Punta\nArenas, donde hemos tenido un alto n\u00famero de personas contagiadas, pero nos\nllena de energ\u00eda saber que estamos haciendo las cosas bien, y los resultados\nest\u00e1n a la vista\u201d.<\/p>\n","protected":false},"excerpt":{"rendered":"<p>Como un gran esfuerzo log\u00edstico es calificado el trabajo realizado por el Servicio Nacional de Menores (Sename), por su director regional, Mario Miranda. Desde que el 15 de marzo se&#8230; <a class=\"read-more\" href=\"https:\/\/www.radiopresidenteibanez.cl\/web\/el-servicio-nacional-de-menores-ha-seguido-funcionando-en-tiempos-de-cuarentena-logrando-mantener-en-cero-los-contagios-en-ninos-y-ninas-a-su-cuidado\/\">Leer m\u00e1s<\/a><\/p>\n","protected":false},"author":2,"featured_media":12290,"comment_status":"closed","ping_status":"closed","sticky":false,"template":"","format":"standard","meta":{"footnotes":""},"categories":[1],"tags":[],"class_list":["post-12289","post","type-post","status-publish","format-standard","has-post-thumbnail","hentry","category-cronica"],"_links":{"self":[{"href":"https:\/\/www.radiopresidenteibanez.cl\/web\/wp-json\/wp\/v2\/posts\/12289","targetHints":{"allow":["GET"]}}],"collection":[{"href":"https:\/\/www.radiopresidenteibanez.cl\/web\/wp-json\/wp\/v2\/posts"}],"about":[{"href":"https:\/\/www.radiopresidenteibanez.cl\/web\/wp-json\/wp\/v2\/types\/post"}],"author":[{"embeddable":true,"href":"https:\/\/www.radiopresidenteibanez.cl\/web\/wp-json\/wp\/v2\/users\/2"}],"replies":[{"embeddable":true,"href":"https:\/\/www.radiopresidenteibanez.cl\/web\/wp-json\/wp\/v2\/comments?post=12289"}],"version-history":[{"count":0,"href":"https:\/\/www.radiopresidenteibanez.cl\/web\/wp-json\/wp\/v2\/posts\/12289\/revisions"}],"wp:featuredmedia":[{"embeddable":true,"href":"https:\/\/www.radiopresidenteibanez.cl\/web\/wp-json\/wp\/v2\/media\/12290"}],"wp:attachment":[{"href":"https:\/\/www.radiopresidenteibanez.cl\/web\/wp-json\/wp\/v2\/media?parent=12289"}],"wp:term":[{"taxonomy":"category","embeddable":true,"href":"https:\/\/www.radiopresidenteibanez.cl\/web\/wp-json\/wp\/v2\/categories?post=12289"},{"taxonomy":"post_tag","embeddable":true,"href":"https:\/\/www.radiopresidenteibanez.cl\/web\/wp-json\/wp\/v2\/tags?post=12289"}],"curies":[{"name":"wp","href":"https:\/\/api.w.org\/{rel}","templated":true}]}}