{"id":12278,"date":"2020-05-28T22:22:55","date_gmt":"2020-05-28T22:22:55","guid":{"rendered":"https:\/\/www.radiopresidenteibanez.cl\/web\/?p=12278"},"modified":"2020-05-28T22:22:59","modified_gmt":"2020-05-28T22:22:59","slug":"multigremial-de-magallanes-logra-acuerdo-con-sercotec-para-impulsar-capital-semilla-de-2-500-millones-de-pesos","status":"publish","type":"post","link":"https:\/\/www.radiopresidenteibanez.cl\/web\/multigremial-de-magallanes-logra-acuerdo-con-sercotec-para-impulsar-capital-semilla-de-2-500-millones-de-pesos\/","title":{"rendered":"MULTIGREMIAL DE MAGALLANES LOGRA ACUERDO CON SERCOTEC PARA IMPULSAR CAPITAL SEMILLA DE 2.500 MILLONES DE PESOS"},"content":{"rendered":"\n<p>A un completo\nacuerdo lleg\u00f3 la Multigremial Magallanes con Sercotec, luego de los\ncuestionamientos al programa React\u00edvate impulsado este martes y que entrega un\nsubsidio de hasta $3.000.000 a las MiPymes, para apoyar los efectos econ\u00f3micos\nde la emergencia sanitaria actual.<\/p>\n\n\n\n<p>De acuerdo con\nlas palabras de Ram\u00f3n Vargas, presidente de la asociaci\u00f3n gremial, asegura que\neste acuerdo permitir\u00e1 entregar mayor tranquilidad a las micro, peque\u00f1os y\nmedianos emprendimientos en la regi\u00f3n. \u201cValoramos que Sercotec haya entendido\nnuestra necesidad de contar con mejores herramientas de financiamiento hacia\nlas MiPymes, que hoy en d\u00eda est\u00e1n pasando por una situaci\u00f3n muy sensible\u201d,\nsubray\u00f3.<\/p>\n\n\n\n<p>Asimismo, el\nl\u00edder gremial sostuvo que Sercotec estableci\u00f3&nbsp;\nentregar un mayor financiamiento para 2020. \u201cDe acuerdo con lo\nconversado con la directora, la organizaci\u00f3n se comprometi\u00f3 a generar al a\u00f1o\n1.900 millones de pesos para inyectar financiamiento a micro, peque\u00f1os y\nmedianos emprendimientos de la regi\u00f3n\u201d, revel\u00f3.<\/p>\n\n\n\n<p>Finalmente,\nVargas tambi\u00e9n manifest\u00f3 que la gran noticia fue la disposici\u00f3n de Sercotec\npara revisar el capital semilla impulsado por la Multigremial Nacional junto a\nCodesser, con el fin de beneficiar a una mayor cantidad de pymes en la regi\u00f3n.\n\u201cSercotec tambi\u00e9n se comprometi\u00f3 a estudiar el capital semilla multisectorial\nque impulsamos, que tiene un costo de 2.500 millones y que beneficiar\u00eda a 500\npymes con alrededor de 5 millones de pesos, logrando reactivar la econom\u00eda de\nla zona\u201d, enfatiz\u00f3.<\/p>\n","protected":false},"excerpt":{"rendered":"<p>A un completo acuerdo lleg\u00f3 la Multigremial Magallanes con Sercotec, luego de los cuestionamientos al programa React\u00edvate impulsado este martes y que entrega un subsidio de hasta $3.000.000 a las&#8230; <a class=\"read-more\" href=\"https:\/\/www.radiopresidenteibanez.cl\/web\/multigremial-de-magallanes-logra-acuerdo-con-sercotec-para-impulsar-capital-semilla-de-2-500-millones-de-pesos\/\">Leer m\u00e1s<\/a><\/p>\n","protected":false},"author":2,"featured_media":740,"comment_status":"closed","ping_status":"closed","sticky":false,"template":"","format":"standard","meta":{"footnotes":""},"categories":[1],"tags":[],"class_list":["post-12278","post","type-post","status-publish","format-standard","has-post-thumbnail","hentry","category-cronica"],"_links":{"self":[{"href":"https:\/\/www.radiopresidenteibanez.cl\/web\/wp-json\/wp\/v2\/posts\/12278","targetHints":{"allow":["GET"]}}],"collection":[{"href":"https:\/\/www.radiopresidenteibanez.cl\/web\/wp-json\/wp\/v2\/posts"}],"about":[{"href":"https:\/\/www.radiopresidenteibanez.cl\/web\/wp-json\/wp\/v2\/types\/post"}],"author":[{"embeddable":true,"href":"https:\/\/www.radiopresidenteibanez.cl\/web\/wp-json\/wp\/v2\/users\/2"}],"replies":[{"embeddable":true,"href":"https:\/\/www.radiopresidenteibanez.cl\/web\/wp-json\/wp\/v2\/comments?post=12278"}],"version-history":[{"count":0,"href":"https:\/\/www.radiopresidenteibanez.cl\/web\/wp-json\/wp\/v2\/posts\/12278\/revisions"}],"wp:featuredmedia":[{"embeddable":true,"href":"https:\/\/www.radiopresidenteibanez.cl\/web\/wp-json\/wp\/v2\/media\/740"}],"wp:attachment":[{"href":"https:\/\/www.radiopresidenteibanez.cl\/web\/wp-json\/wp\/v2\/media?parent=12278"}],"wp:term":[{"taxonomy":"category","embeddable":true,"href":"https:\/\/www.radiopresidenteibanez.cl\/web\/wp-json\/wp\/v2\/categories?post=12278"},{"taxonomy":"post_tag","embeddable":true,"href":"https:\/\/www.radiopresidenteibanez.cl\/web\/wp-json\/wp\/v2\/tags?post=12278"}],"curies":[{"name":"wp","href":"https:\/\/api.w.org\/{rel}","templated":true}]}}