{"id":12272,"date":"2020-05-28T14:38:26","date_gmt":"2020-05-28T14:38:26","guid":{"rendered":"https:\/\/www.radiopresidenteibanez.cl\/web\/?p=12272"},"modified":"2020-05-28T14:38:30","modified_gmt":"2020-05-28T14:38:30","slug":"tabsa-apela-sentencia-de-corte-de-apelaciones-que-avala-decreto-de-la-direccion-de-obras-portuarias","status":"publish","type":"post","link":"https:\/\/www.radiopresidenteibanez.cl\/web\/tabsa-apela-sentencia-de-corte-de-apelaciones-que-avala-decreto-de-la-direccion-de-obras-portuarias\/","title":{"rendered":"TABSA APELA SENTENCIA DE CORTE DE APELACIONES QUE AVALA DECRETO DE LA DIRECCI\u00d3N DE OBRAS PORTUARIAS"},"content":{"rendered":"\n<p>Un recurso de apelaci\u00f3n present\u00f3 Tabsa luego que la Corte de Punta Arenas resolviera avalar el dictamen de la Direcci\u00f3n de Obras Portuarias (DOP) que junto con fijar turnos tambi\u00e9n resolvi\u00f3 obligar a la empresa naviera a sacar a uno de sus tres ferrys que prestan servicio de conectividad mar\u00edtima en Primera Angostura.<\/p>\n\n\n\n<p>\u201cDesde nuestro punto de vista, no tiene ning\u00fan sentido, y va en contra de los usuarios, el que nos obliguen a trabajar con s\u00f3lo dos de nuestros tres ferrys que tenemos en Punta Delgada lo que afecta la libre competencia y se le asegura a otra empresa una parte del mercado\u201d, explic\u00f3 Alejandro Kusanovic, Gerente General de Tabsa.<\/p>\n\n\n\n<p>El ejecutivo indic\u00f3 que luego que la Corte de Apelaciones emitiera una primera orden de no innovar, frente a la pretensi\u00f3n de la DOP de igualar la cantidad de embarcaciones entre las empresas que prestan el servicio de conectividad hacia Tierra del Fuego, se demostr\u00f3 en los hechos que es perfectamente posible operar con m\u00e1s de cinco ferrys como se ha hecho hasta hace algunas semanas.<\/p>\n\n\n\n<p>\u201cMientras m\u00e1s ferrys operen en Primera Angostura es mejor para los usuarios, empresas, servicios b\u00e1sicos y de urgencia que deben circular entre la isla y el continente, siendo responsabilidad de la DOP el velar por el mantenimiento de la infraestructura vial, en ning\u00fan caso asegurar una porci\u00f3n del mercado para ninguna de las empresas que operamos en dicho sector\u201d, indic\u00f3 el ejecutivo.<\/p>\n\n\n\n<p>Desde Tabsa se\u00f1alaron que los cruces en Primera Angostura seguir\u00e1n siendo atendidos por los tres ferrys de la empresa.<\/p>\n","protected":false},"excerpt":{"rendered":"<p>Un recurso de apelaci\u00f3n present\u00f3 Tabsa luego que la Corte de Punta Arenas resolviera avalar el dictamen de la Direcci\u00f3n de Obras Portuarias (DOP) que junto con fijar turnos tambi\u00e9n&#8230; <a class=\"read-more\" href=\"https:\/\/www.radiopresidenteibanez.cl\/web\/tabsa-apela-sentencia-de-corte-de-apelaciones-que-avala-decreto-de-la-direccion-de-obras-portuarias\/\">Leer m\u00e1s<\/a><\/p>\n","protected":false},"author":2,"featured_media":12083,"comment_status":"closed","ping_status":"closed","sticky":false,"template":"","format":"standard","meta":{"footnotes":""},"categories":[1],"tags":[],"class_list":["post-12272","post","type-post","status-publish","format-standard","has-post-thumbnail","hentry","category-cronica"],"_links":{"self":[{"href":"https:\/\/www.radiopresidenteibanez.cl\/web\/wp-json\/wp\/v2\/posts\/12272","targetHints":{"allow":["GET"]}}],"collection":[{"href":"https:\/\/www.radiopresidenteibanez.cl\/web\/wp-json\/wp\/v2\/posts"}],"about":[{"href":"https:\/\/www.radiopresidenteibanez.cl\/web\/wp-json\/wp\/v2\/types\/post"}],"author":[{"embeddable":true,"href":"https:\/\/www.radiopresidenteibanez.cl\/web\/wp-json\/wp\/v2\/users\/2"}],"replies":[{"embeddable":true,"href":"https:\/\/www.radiopresidenteibanez.cl\/web\/wp-json\/wp\/v2\/comments?post=12272"}],"version-history":[{"count":0,"href":"https:\/\/www.radiopresidenteibanez.cl\/web\/wp-json\/wp\/v2\/posts\/12272\/revisions"}],"wp:featuredmedia":[{"embeddable":true,"href":"https:\/\/www.radiopresidenteibanez.cl\/web\/wp-json\/wp\/v2\/media\/12083"}],"wp:attachment":[{"href":"https:\/\/www.radiopresidenteibanez.cl\/web\/wp-json\/wp\/v2\/media?parent=12272"}],"wp:term":[{"taxonomy":"category","embeddable":true,"href":"https:\/\/www.radiopresidenteibanez.cl\/web\/wp-json\/wp\/v2\/categories?post=12272"},{"taxonomy":"post_tag","embeddable":true,"href":"https:\/\/www.radiopresidenteibanez.cl\/web\/wp-json\/wp\/v2\/tags?post=12272"}],"curies":[{"name":"wp","href":"https:\/\/api.w.org\/{rel}","templated":true}]}}