{"id":12269,"date":"2020-05-28T13:06:22","date_gmt":"2020-05-28T13:06:22","guid":{"rendered":"https:\/\/www.radiopresidenteibanez.cl\/web\/?p=12269"},"modified":"2020-05-28T13:06:26","modified_gmt":"2020-05-28T13:06:26","slug":"geriatra-ramon-lobos-es-fundamental-el-rol-del-entorno-para-que-los-adultos-mayores-esten-contenidos","status":"publish","type":"post","link":"https:\/\/www.radiopresidenteibanez.cl\/web\/geriatra-ramon-lobos-es-fundamental-el-rol-del-entorno-para-que-los-adultos-mayores-esten-contenidos\/","title":{"rendered":"GERIATRA RAM\u00d3N LOBOS: \u201cES FUNDAMENTAL EL ROL DEL ENTORNO PARA QUE LOS ADULTOS MAYORES EST\u00c9N CONTENIDOS\u201d"},"content":{"rendered":"\n<p>Es sabido que los adultos mayores son el grupo de m\u00e1s alto\nriesgo ante el Covid-19 y, en ese contexto, el m\u00e9dico geriatra, Ram\u00f3n Lobos\nV\u00e1squez, indic\u00f3 que el encierro que muchos han experimentado por largos meses,\npuede terminar por afectarles f\u00edsica y emocionalmente.<\/p>\n\n\n\n<p>\u201cEs fundamental el rol del entorno para que los adultos\nmayores est\u00e9n contenidos, porque si bien es cierto que son el grupo de mayor\nriesgo, el encierro que muchos han experimentado desde marzo, junto con no\npoder abrazar a sus seres queridos, el sedentarismo y la falta de est\u00edmulos\npueden llevarlos a desarrollar una visi\u00f3n pesimista de la vida, junto con\nenfermedades f\u00edsicas desarrolladas producto de emociones reprimidas\u201d, explic\u00f3\nel especialista.<\/p>\n\n\n\n<p>Lobos llam\u00f3 a este grupo etario a enfrentar esta pandemia\ncon una actitud resiliente, buscando actividades que les permitan mantenerse\ncon un prop\u00f3sito. \u201cEs en estos momentos cuando debemos recurrir a esos\nproyectos olvidados y retomarlos, buscar peque\u00f1os desaf\u00edos diarios, como\nordenar alg\u00fan lugar de la casa, hacer cambios en los muebles o tomarnos unos\nminutos para incluir cosas nuevas, que nos motiven y nos permitan alegrar\nnuestro d\u00eda\u201d, agreg\u00f3 el profesional.<\/p>\n\n\n\n<p>Para esto, la familia y el entorno es fundamental para\nmotivar a los mayores a encontrar nuevas actividades que les permitan enfrentar\nesta situaci\u00f3n con un mejor \u00e1nimo. \u201cLa actitud con la que enfrentamos esta\npandemia es fundamental, ya que si nuestro \u00e1nimo decae tambi\u00e9n lo hacen\nnuestras defensas. Es por ello que es muy importante que, sobre todo los\nadultos mayores, puedan mantener una buena actitud y busquen actividades que\nlos hagan sentirse bien\u201d, indic\u00f3 Lobos.<\/p>\n\n\n\n<p>El especialista tambi\u00e9n expres\u00f3 que, a aquellos que sean\nmenores de 75 a\u00f1os y no tengan restricciones para salir, se les recomienda que\npuedan ir a alg\u00fan lugar protegido y sin aglomeraciones, a dar una vuelta,\nsiempre tomando todos los resguardos y los cuidados pertinentes para no\ncontagiarse (Uso de mascarillas, guantes y alcohol gel) y abrig\u00e1ndose muy bien\npara evitar un enfriamiento.<\/p>\n\n\n\n<p>Adem\u00e1s, sugiri\u00f3 que aquellos adultos mayores que se\nencuentren pasando esta cuarentena con la familia, puedan realizar actividades\nen conjunto, como revisar fotograf\u00edas de anta\u00f1o y que ellos puedan contar\nhistorias, o llevar a cabo juegos en familia, entre otras.<\/p>\n","protected":false},"excerpt":{"rendered":"<p>Es sabido que los adultos mayores son el grupo de m\u00e1s alto riesgo ante el Covid-19 y, en ese contexto, el m\u00e9dico geriatra, Ram\u00f3n Lobos V\u00e1squez, indic\u00f3 que el encierro&#8230; <a class=\"read-more\" href=\"https:\/\/www.radiopresidenteibanez.cl\/web\/geriatra-ramon-lobos-es-fundamental-el-rol-del-entorno-para-que-los-adultos-mayores-esten-contenidos\/\">Leer m\u00e1s<\/a><\/p>\n","protected":false},"author":2,"featured_media":7518,"comment_status":"closed","ping_status":"closed","sticky":false,"template":"","format":"standard","meta":{"footnotes":""},"categories":[1],"tags":[],"class_list":["post-12269","post","type-post","status-publish","format-standard","has-post-thumbnail","hentry","category-cronica"],"_links":{"self":[{"href":"https:\/\/www.radiopresidenteibanez.cl\/web\/wp-json\/wp\/v2\/posts\/12269","targetHints":{"allow":["GET"]}}],"collection":[{"href":"https:\/\/www.radiopresidenteibanez.cl\/web\/wp-json\/wp\/v2\/posts"}],"about":[{"href":"https:\/\/www.radiopresidenteibanez.cl\/web\/wp-json\/wp\/v2\/types\/post"}],"author":[{"embeddable":true,"href":"https:\/\/www.radiopresidenteibanez.cl\/web\/wp-json\/wp\/v2\/users\/2"}],"replies":[{"embeddable":true,"href":"https:\/\/www.radiopresidenteibanez.cl\/web\/wp-json\/wp\/v2\/comments?post=12269"}],"version-history":[{"count":0,"href":"https:\/\/www.radiopresidenteibanez.cl\/web\/wp-json\/wp\/v2\/posts\/12269\/revisions"}],"wp:featuredmedia":[{"embeddable":true,"href":"https:\/\/www.radiopresidenteibanez.cl\/web\/wp-json\/wp\/v2\/media\/7518"}],"wp:attachment":[{"href":"https:\/\/www.radiopresidenteibanez.cl\/web\/wp-json\/wp\/v2\/media?parent=12269"}],"wp:term":[{"taxonomy":"category","embeddable":true,"href":"https:\/\/www.radiopresidenteibanez.cl\/web\/wp-json\/wp\/v2\/categories?post=12269"},{"taxonomy":"post_tag","embeddable":true,"href":"https:\/\/www.radiopresidenteibanez.cl\/web\/wp-json\/wp\/v2\/tags?post=12269"}],"curies":[{"name":"wp","href":"https:\/\/api.w.org\/{rel}","templated":true}]}}