{"id":12266,"date":"2020-05-28T13:04:20","date_gmt":"2020-05-28T13:04:20","guid":{"rendered":"https:\/\/www.radiopresidenteibanez.cl\/web\/?p=12266"},"modified":"2020-05-28T13:04:24","modified_gmt":"2020-05-28T13:04:24","slug":"personal-de-la-tercera-zona-naval-nuevamente-entrega-ayuda-a-familias-vulnerables","status":"publish","type":"post","link":"https:\/\/www.radiopresidenteibanez.cl\/web\/personal-de-la-tercera-zona-naval-nuevamente-entrega-ayuda-a-familias-vulnerables\/","title":{"rendered":"PERSONAL DE LA TERCERA ZONA NAVAL NUEVAMENTE ENTREGA AYUDA A FAMILIAS VULNERABLES"},"content":{"rendered":"\n<p>Durante la jornada del 27 de mayo, en el marco del Mes del\nMar, personal de la Tercera Zona Naval realiz\u00f3 la entrega de canastas familiares\na diferentes establecimientos de la capital regional.<\/p>\n\n\n\n<p><br>\nEsta iniciativa surgi\u00f3 espont\u00e1neamente de los miembros de la\nTercera Zona Naval que vislumbraron una forma de colaborar, comprendiendo el\nactual momento de emergencia sanitaria, organizando una cooperaci\u00f3n voluntaria\nen beneficio de familias necesitadas.<br>\nEn la Escuela \u201cPedro Sarmiento de Gamboa\u201d miembros del equipo\ndirectivo recibieron la ayuda por parte de miembros de la Comandancia en Jefe\nde la Tercera Zona Naval y del Destacamento de Infanter\u00eda de Marina N\u00b0 4\n\u201cCochrane\u201d, unidad que mantiene un v\u00ednculo de muchos a\u00f1os con el mencionado\nestablecimiento.<\/p>\n\n\n\n<p><br>\nAng\u00e9lica Y\u00e1\u00f1ez, Directora de la Escuela \u201cPedro Sarmiento de\nGamboa\u201d, destac\u00f3 que \u201cesta colaboraci\u00f3n de entrega de canastas va en beneficio\nde muchas de las familias vulnerables, en donde hay muchos jefes de hogar\ncesantes y alumnos que no pueden recibir los almuerzos escolares, por lo cual\nestamos muy agradecidos de esta colaboraci\u00f3n\u201d.<\/p>\n\n\n\n<p><br>\nEl Capit\u00e1n de Fragata Patricio Vera, Comandante del\nDestacamento de Infanter\u00eda de Marina N\u00b0 4 \u201cCochrane\u201d, se\u00f1al\u00f3 \u201cdentro de las\nactividades que se realizan en este Mes del Mar estamos apoyando a la Escuela\n\u201cPedro Sarmiento de Gamboa\u201d, establecimiento que est\u00e1 muy cerca de nuestra\nunidad, reafirmando el trabajo de apoyo que realizamos hacia la comunidad\neducativa\u201d.<\/p>\n\n\n\n<p><br>\nEl Capell\u00e1n Naval Juan Carlos Molina asisti\u00f3 a la entrega,\nbendici\u00e9ndola y destacando que \u201cno hay nada m\u00e1s cristiano que entregar alimento\na quien lo carece, siendo \u00e9sto un gesto de amor y entrega de los miembros de la\nArmada a los m\u00e1s necesitados\u201d.<\/p>\n\n\n\n<p><br>\nEn la Escuela \u201cBernardo O\u00b4Higgins\u201d fueron entregadas 30\ncanastas familiares, en donde Juli\u00e1n Mansilla, Director del establecimiento,\nse\u00f1al\u00f3 \u201cla verdad que en esta crisis sanitaria se agradece la ayuda, pues\nalgunos de nuestros apoderados est\u00e1n sin trabajo, y &nbsp;por ende nuestros\nni\u00f1os est\u00e1n en casa sin tener con que alimentarse\u201d.<\/p>\n\n\n\n<p><br>\nRespecto a esta actividad solidaria, el Suboficial Mayor\nChristian Henr\u00edquez, Condestable Mayor de la Tercera Zona Naval, coment\u00f3 \u201choy\nfinaliz\u00f3 la campa\u00f1a solidaria organizada entre todas las dotaciones de\nlajurisdicci\u00f3n,; \u00e9sto con el objetivo de ir en ayuda &nbsp;de familias que lo\nest\u00e1n necesitando. El aporte voluntario se concret\u00f3 en la adquisici\u00f3n de 200\ncajas de mercader\u00eda, las cuales ya fueron distribuidas en las escuelas \u201cArturo\nPrat\u201d, \u201cBernardo O\u00b4Higgins y \u201cPedro Sarmiento de Gamboa\u201d.<\/p>\n","protected":false},"excerpt":{"rendered":"<p>Durante la jornada del 27 de mayo, en el marco del Mes del Mar, personal de la Tercera Zona Naval realiz\u00f3 la entrega de canastas familiares a diferentes establecimientos de&#8230; <a class=\"read-more\" href=\"https:\/\/www.radiopresidenteibanez.cl\/web\/personal-de-la-tercera-zona-naval-nuevamente-entrega-ayuda-a-familias-vulnerables\/\">Leer m\u00e1s<\/a><\/p>\n","protected":false},"author":2,"featured_media":12267,"comment_status":"closed","ping_status":"closed","sticky":false,"template":"","format":"standard","meta":{"footnotes":""},"categories":[1],"tags":[],"class_list":["post-12266","post","type-post","status-publish","format-standard","has-post-thumbnail","hentry","category-cronica"],"_links":{"self":[{"href":"https:\/\/www.radiopresidenteibanez.cl\/web\/wp-json\/wp\/v2\/posts\/12266","targetHints":{"allow":["GET"]}}],"collection":[{"href":"https:\/\/www.radiopresidenteibanez.cl\/web\/wp-json\/wp\/v2\/posts"}],"about":[{"href":"https:\/\/www.radiopresidenteibanez.cl\/web\/wp-json\/wp\/v2\/types\/post"}],"author":[{"embeddable":true,"href":"https:\/\/www.radiopresidenteibanez.cl\/web\/wp-json\/wp\/v2\/users\/2"}],"replies":[{"embeddable":true,"href":"https:\/\/www.radiopresidenteibanez.cl\/web\/wp-json\/wp\/v2\/comments?post=12266"}],"version-history":[{"count":0,"href":"https:\/\/www.radiopresidenteibanez.cl\/web\/wp-json\/wp\/v2\/posts\/12266\/revisions"}],"wp:featuredmedia":[{"embeddable":true,"href":"https:\/\/www.radiopresidenteibanez.cl\/web\/wp-json\/wp\/v2\/media\/12267"}],"wp:attachment":[{"href":"https:\/\/www.radiopresidenteibanez.cl\/web\/wp-json\/wp\/v2\/media?parent=12266"}],"wp:term":[{"taxonomy":"category","embeddable":true,"href":"https:\/\/www.radiopresidenteibanez.cl\/web\/wp-json\/wp\/v2\/categories?post=12266"},{"taxonomy":"post_tag","embeddable":true,"href":"https:\/\/www.radiopresidenteibanez.cl\/web\/wp-json\/wp\/v2\/tags?post=12266"}],"curies":[{"name":"wp","href":"https:\/\/api.w.org\/{rel}","templated":true}]}}