{"id":12258,"date":"2020-05-27T22:17:31","date_gmt":"2020-05-27T22:17:31","guid":{"rendered":"https:\/\/www.radiopresidenteibanez.cl\/web\/?p=12258"},"modified":"2020-05-27T22:17:34","modified_gmt":"2020-05-27T22:17:34","slug":"conaf-expulsa-a-personas-que-ingresaron-sin-autorizacion-a-reserva-nacional-laguna-parrillar","status":"publish","type":"post","link":"https:\/\/www.radiopresidenteibanez.cl\/web\/conaf-expulsa-a-personas-que-ingresaron-sin-autorizacion-a-reserva-nacional-laguna-parrillar\/","title":{"rendered":"CONAF EXPULSA A PERSONAS QUE INGRESARON SIN AUTORIZACI\u00d3N A RESERVA NACIONAL LAGUNA PARRILLAR"},"content":{"rendered":"\n<p>Tras ser sorprendidos por el personal guardaparques de CONAF,\ncuatro personas que ingresaron por un lugar no habilitado a la Reserva Nacional\nLaguna Parrillar fueron expulsadas la semana pasada de esta \u00e1rea silvestre\nprotegida ubicada al sur de Punta Arenas.<\/p>\n\n\n\n<p>Las personas llegaron en dos veh\u00edculos, los cuales dejaron\nestacionados en el sector de acceso a la Reserva, ingresando por un lugar no\nhabilitado y ocult\u00e1ndose en las cercan\u00edas del sector del r\u00edo Chorrillo Hermoso.\n<\/p>\n\n\n\n<p>Tras ser sorprendidos por personal guardaparques de CONAF, y\nhaciendo caso omiso al llamado de atenci\u00f3n, fueron interceptados y guiados\nhacia &nbsp;la guarder\u00eda de la unidad para as\u00ed\nproceder a la expulsi\u00f3n, la cual se materializ\u00f3 cumpliendo los protocolos suscritos\ndado el actual contexto de medidas preventivas ante la crisis sanitaria que\nvive el pa\u00eds.<\/p>\n\n\n\n<p>Conaf presentar\u00e1 una denuncia a Fiscal\u00eda ya que consideran\ngrave que se transgredan las normas y medidas preventivas en el actual contexto\nnacional as\u00ed como&nbsp; el riesgo de su propia\nseguridad al que incurrieron las personas por ingresar sin autorizaci\u00f3n.<\/p>\n\n\n\n<p>Desde la segunda semana de marzo, la casi totalidad de las\n\u00e1reas silvestres protegidas se encuentran cerradas para visitantes a excepci\u00f3n\nde los parques nacionales Alberto de Agostini y Yendegaia; el Monumento Natural\nCueva Canqu\u00e9n Colorado y Laguna de los Cisnes.<\/p>\n\n\n\n<p>Conaf recuerda a los usuarios que si bien las \u00e1reas\nsilvestres protegidas se encuentran cerradas, \u00e9stas se encuentran bajo el\ncuidado permanente del personal de CONAF quienes hacen cumplir la normativa\nvigente en cu\u00e1nto a protecci\u00f3n de sus ecosistemas y resguardo sanitario.<\/p>\n","protected":false},"excerpt":{"rendered":"<p>Tras ser sorprendidos por el personal guardaparques de CONAF, cuatro personas que ingresaron por un lugar no habilitado a la Reserva Nacional Laguna Parrillar fueron expulsadas la semana pasada de&#8230; <a class=\"read-more\" href=\"https:\/\/www.radiopresidenteibanez.cl\/web\/conaf-expulsa-a-personas-que-ingresaron-sin-autorizacion-a-reserva-nacional-laguna-parrillar\/\">Leer m\u00e1s<\/a><\/p>\n","protected":false},"author":2,"featured_media":12260,"comment_status":"closed","ping_status":"closed","sticky":false,"template":"","format":"standard","meta":{"footnotes":""},"categories":[1],"tags":[],"class_list":["post-12258","post","type-post","status-publish","format-standard","has-post-thumbnail","hentry","category-cronica"],"_links":{"self":[{"href":"https:\/\/www.radiopresidenteibanez.cl\/web\/wp-json\/wp\/v2\/posts\/12258","targetHints":{"allow":["GET"]}}],"collection":[{"href":"https:\/\/www.radiopresidenteibanez.cl\/web\/wp-json\/wp\/v2\/posts"}],"about":[{"href":"https:\/\/www.radiopresidenteibanez.cl\/web\/wp-json\/wp\/v2\/types\/post"}],"author":[{"embeddable":true,"href":"https:\/\/www.radiopresidenteibanez.cl\/web\/wp-json\/wp\/v2\/users\/2"}],"replies":[{"embeddable":true,"href":"https:\/\/www.radiopresidenteibanez.cl\/web\/wp-json\/wp\/v2\/comments?post=12258"}],"version-history":[{"count":0,"href":"https:\/\/www.radiopresidenteibanez.cl\/web\/wp-json\/wp\/v2\/posts\/12258\/revisions"}],"wp:featuredmedia":[{"embeddable":true,"href":"https:\/\/www.radiopresidenteibanez.cl\/web\/wp-json\/wp\/v2\/media\/12260"}],"wp:attachment":[{"href":"https:\/\/www.radiopresidenteibanez.cl\/web\/wp-json\/wp\/v2\/media?parent=12258"}],"wp:term":[{"taxonomy":"category","embeddable":true,"href":"https:\/\/www.radiopresidenteibanez.cl\/web\/wp-json\/wp\/v2\/categories?post=12258"},{"taxonomy":"post_tag","embeddable":true,"href":"https:\/\/www.radiopresidenteibanez.cl\/web\/wp-json\/wp\/v2\/tags?post=12258"}],"curies":[{"name":"wp","href":"https:\/\/api.w.org\/{rel}","templated":true}]}}