{"id":12255,"date":"2020-05-27T22:15:08","date_gmt":"2020-05-27T22:15:08","guid":{"rendered":"https:\/\/www.radiopresidenteibanez.cl\/web\/?p=12255"},"modified":"2020-05-27T22:15:14","modified_gmt":"2020-05-27T22:15:14","slug":"diputada-amar-destaca-prorroga-para-pago-de-permisos-y-anuncia-proyecto-para-apoyar-locomocion-colectiva","status":"publish","type":"post","link":"https:\/\/www.radiopresidenteibanez.cl\/web\/diputada-amar-destaca-prorroga-para-pago-de-permisos-y-anuncia-proyecto-para-apoyar-locomocion-colectiva\/","title":{"rendered":"DIPUTADA AMAR DESTACA PR\u00d3RROGA PARA PAGO DE PERMISOS Y ANUNCIA PROYECTO PARA APOYAR LOCOMOCI\u00d3N COLECTIVA"},"content":{"rendered":"\n<p>Junto\ncon destacar la decisi\u00f3n del Gobierno del Presidente Sebasti\u00e1n Pi\u00f1era para\nprorrogar la renovaci\u00f3n de permisos de circulaci\u00f3n de taxis colectivos,\nmicrobuses y buses escolares, dando respuesta a la solicitud de diputados UDI,\nla parlamentaria magall\u00e1nica Sandra Amar dijo que ahora espera que se apoye un\nproyecto en directo beneficio a la locomoci\u00f3n colectiva.<\/p>\n\n\n\n<p>La\nparlamentaria resalt\u00f3 la decisi\u00f3n de pr\u00f3rroga por parte del Ejecutivo que<strong>, \u00absin duda, ser\u00e1 un alivio a este\nsector del transporte, el cual ha visto disminuido significativamente sus\ningresos desde el comienzo de la crisis sanitaria a ra\u00edz de Covid-19, ya que se\nha reducido considerablemente la gente que se transporta en taxis y micros. Por\notro lado, las clases se encuentran suspendidas, por lo que aquellos que\ntransportan escolares no han podido trabajar y menos a\u00fan percibir ingresos\ndurante estos 90 d\u00edas\u00bb.<\/strong><\/p>\n\n\n\n<p>Amar\ndestac\u00f3 que la medida de Gobierno se suma a las facilidades para la renovaci\u00f3n\nde los permisos de circulaci\u00f3n y revisi\u00f3n t\u00e9cnica de los veh\u00edculos\nparticulares, esperando que ello tambi\u00e9n ocurra con el transporte de pasajeros.<\/p>\n\n\n\n<p>Asimismo,\nla diputada UDI ingreso el 19 de mayo reci\u00e9n pasado un proyecto de resoluci\u00f3n <strong>\u00aben el cual se solicita apoyo\necon\u00f3mico para el sector de la locomoci\u00f3n colectiva nacional y, principalmente,\nde la Regi\u00f3n de Magallanes, para que puedan enfrentar la crisis que vive este\ngremio, con condiciones dignas y suficientes para seguir desarrollando su\ntrabajo\u201d,<\/strong> concluy\u00f3.<\/p>\n","protected":false},"excerpt":{"rendered":"<p>Junto con destacar la decisi\u00f3n del Gobierno del Presidente Sebasti\u00e1n Pi\u00f1era para prorrogar la renovaci\u00f3n de permisos de circulaci\u00f3n de taxis colectivos, microbuses y buses escolares, dando respuesta a la&#8230; <a class=\"read-more\" href=\"https:\/\/www.radiopresidenteibanez.cl\/web\/diputada-amar-destaca-prorroga-para-pago-de-permisos-y-anuncia-proyecto-para-apoyar-locomocion-colectiva\/\">Leer m\u00e1s<\/a><\/p>\n","protected":false},"author":2,"featured_media":12256,"comment_status":"closed","ping_status":"closed","sticky":false,"template":"","format":"standard","meta":{"footnotes":""},"categories":[1],"tags":[],"class_list":["post-12255","post","type-post","status-publish","format-standard","has-post-thumbnail","hentry","category-cronica"],"_links":{"self":[{"href":"https:\/\/www.radiopresidenteibanez.cl\/web\/wp-json\/wp\/v2\/posts\/12255","targetHints":{"allow":["GET"]}}],"collection":[{"href":"https:\/\/www.radiopresidenteibanez.cl\/web\/wp-json\/wp\/v2\/posts"}],"about":[{"href":"https:\/\/www.radiopresidenteibanez.cl\/web\/wp-json\/wp\/v2\/types\/post"}],"author":[{"embeddable":true,"href":"https:\/\/www.radiopresidenteibanez.cl\/web\/wp-json\/wp\/v2\/users\/2"}],"replies":[{"embeddable":true,"href":"https:\/\/www.radiopresidenteibanez.cl\/web\/wp-json\/wp\/v2\/comments?post=12255"}],"version-history":[{"count":0,"href":"https:\/\/www.radiopresidenteibanez.cl\/web\/wp-json\/wp\/v2\/posts\/12255\/revisions"}],"wp:featuredmedia":[{"embeddable":true,"href":"https:\/\/www.radiopresidenteibanez.cl\/web\/wp-json\/wp\/v2\/media\/12256"}],"wp:attachment":[{"href":"https:\/\/www.radiopresidenteibanez.cl\/web\/wp-json\/wp\/v2\/media?parent=12255"}],"wp:term":[{"taxonomy":"category","embeddable":true,"href":"https:\/\/www.radiopresidenteibanez.cl\/web\/wp-json\/wp\/v2\/categories?post=12255"},{"taxonomy":"post_tag","embeddable":true,"href":"https:\/\/www.radiopresidenteibanez.cl\/web\/wp-json\/wp\/v2\/tags?post=12255"}],"curies":[{"name":"wp","href":"https:\/\/api.w.org\/{rel}","templated":true}]}}