{"id":12253,"date":"2020-05-27T22:12:55","date_gmt":"2020-05-27T22:12:55","guid":{"rendered":"https:\/\/www.radiopresidenteibanez.cl\/web\/?p=12253"},"modified":"2020-05-27T22:12:59","modified_gmt":"2020-05-27T22:12:59","slug":"senadora-goic-valoro-anuncio-del-ministro-de-salud-que-otorga-seguro-de-vida-para-trabajadores-sanitarios-que-recoge-propuesta-que-presento-en-el-senado","status":"publish","type":"post","link":"https:\/\/www.radiopresidenteibanez.cl\/web\/senadora-goic-valoro-anuncio-del-ministro-de-salud-que-otorga-seguro-de-vida-para-trabajadores-sanitarios-que-recoge-propuesta-que-presento-en-el-senado\/","title":{"rendered":"SENADORA GOIC VALOR\u00d3 ANUNCIO DEL MINISTRO DE SALUD QUE OTORGA SEGURO DE VIDA PARA TRABAJADORES SANITARIOS QUE RECOGE PROPUESTA QUE PRESENT\u00d3 EN EL SENADO"},"content":{"rendered":"\n<p>La senadora\nmagall\u00e1nica, Carolina Goic, valor\u00f3 el anuncio que realiz\u00f3 el ministro de salud,\nJaime Ma\u00f1alich, en cuanto a garantizar un seguro de vida con efecto retroactivo\npara 234 mil 900 trabajadores de la salud, que recoge la propuesta que plante\u00f3\nel martes a trav\u00e9s de un proyecto de acuerdo, que fue aprobado por unanimidad.<\/p>\n\n\n\n<p>\u201cAs\u00ed como\nhemos criticado al Gobierno por no escuchar muchas veces los aportes que surgen\ndesde diversos sectores que quieren colaborar, tambi\u00e9n es justo reconocer\ncuando se acogen las buenas ideas como este seguro de vida que protege a los\ndeudos de las y los funcionarios de la salud que pierdan la vida como\nconsecuencia del Covid-19\u201d, dijo Goic, quien agreg\u00f3 que esperaba que no se\nregistren m\u00e1s fallecimientos de personal de salud, pero que al menos esto les\nentrega la seguridad que sus familiares no quedar\u00e1n desprotegidos.<\/p>\n\n\n\n<p>El\nministro Jaime Ma\u00f1alich inform\u00f3 que la iniciativa \u00abbeneficia un horizonte\nde 234.900 trabajadores de salud\u00bb y \u00abtiene efecto retroactivo, es\ndecir que se aplicar\u00e1 desde que se inici\u00f3 la alerta sanitaria y hasta el 31 de\ndiciembre de este a\u00f1o\u00bb, considerando a &nbsp;\u00abtodos los trabajadores de salud, ya sea\nque est\u00e9n en r\u00e9gimen de contrata, de planta u honorarios\u00bb. <\/p>\n","protected":false},"excerpt":{"rendered":"<p>La senadora magall\u00e1nica, Carolina Goic, valor\u00f3 el anuncio que realiz\u00f3 el ministro de salud, Jaime Ma\u00f1alich, en cuanto a garantizar un seguro de vida con efecto retroactivo para 234 mil&#8230; <a class=\"read-more\" href=\"https:\/\/www.radiopresidenteibanez.cl\/web\/senadora-goic-valoro-anuncio-del-ministro-de-salud-que-otorga-seguro-de-vida-para-trabajadores-sanitarios-que-recoge-propuesta-que-presento-en-el-senado\/\">Leer m\u00e1s<\/a><\/p>\n","protected":false},"author":2,"featured_media":3734,"comment_status":"closed","ping_status":"closed","sticky":false,"template":"","format":"standard","meta":{"footnotes":""},"categories":[1],"tags":[],"class_list":["post-12253","post","type-post","status-publish","format-standard","has-post-thumbnail","hentry","category-cronica"],"_links":{"self":[{"href":"https:\/\/www.radiopresidenteibanez.cl\/web\/wp-json\/wp\/v2\/posts\/12253","targetHints":{"allow":["GET"]}}],"collection":[{"href":"https:\/\/www.radiopresidenteibanez.cl\/web\/wp-json\/wp\/v2\/posts"}],"about":[{"href":"https:\/\/www.radiopresidenteibanez.cl\/web\/wp-json\/wp\/v2\/types\/post"}],"author":[{"embeddable":true,"href":"https:\/\/www.radiopresidenteibanez.cl\/web\/wp-json\/wp\/v2\/users\/2"}],"replies":[{"embeddable":true,"href":"https:\/\/www.radiopresidenteibanez.cl\/web\/wp-json\/wp\/v2\/comments?post=12253"}],"version-history":[{"count":0,"href":"https:\/\/www.radiopresidenteibanez.cl\/web\/wp-json\/wp\/v2\/posts\/12253\/revisions"}],"wp:featuredmedia":[{"embeddable":true,"href":"https:\/\/www.radiopresidenteibanez.cl\/web\/wp-json\/wp\/v2\/media\/3734"}],"wp:attachment":[{"href":"https:\/\/www.radiopresidenteibanez.cl\/web\/wp-json\/wp\/v2\/media?parent=12253"}],"wp:term":[{"taxonomy":"category","embeddable":true,"href":"https:\/\/www.radiopresidenteibanez.cl\/web\/wp-json\/wp\/v2\/categories?post=12253"},{"taxonomy":"post_tag","embeddable":true,"href":"https:\/\/www.radiopresidenteibanez.cl\/web\/wp-json\/wp\/v2\/tags?post=12253"}],"curies":[{"name":"wp","href":"https:\/\/api.w.org\/{rel}","templated":true}]}}