{"id":12241,"date":"2020-05-27T20:30:00","date_gmt":"2020-05-27T20:30:00","guid":{"rendered":"https:\/\/www.radiopresidenteibanez.cl\/web\/?p=12241"},"modified":"2020-05-27T20:31:02","modified_gmt":"2020-05-27T20:31:02","slug":"magalanes-ofrece-mas-de-cuarenta-actividades-para-disfrutar-el-diadelpatrimonioencasa","status":"publish","type":"post","link":"https:\/\/www.radiopresidenteibanez.cl\/web\/magalanes-ofrece-mas-de-cuarenta-actividades-para-disfrutar-el-diadelpatrimonioencasa\/","title":{"rendered":"MAGALANES OFRECE M\u00c1S DE CUARENTA ACTIVIDADES PARA DISFRUTAR EL #D\u00cdADELPATRIMONIOENCASA"},"content":{"rendered":"\n<p>Mediante una&nbsp;conferencia\nde prensa, en modo virtual, se efectu\u00f3 ese mi\u00e9rcoles la presentaci\u00f3n del\nprograma de actividades con las que se conmemorar\u00e1 el in\u00e9dito\n#D\u00edadelPatrimonioEnCasa en la regi\u00f3n de Magallanes. Representantes de\norganizaciones sociales, p\u00fabicas y privadas, acompa\u00f1ados por la Seremi de las\nCulturas, las Artes y el Patrimonio, Katherine Ibacache; el Director Regional\ndel Servicio del Patrimonio Cultural, Pablo Quercia, y el alcalde de Torres del\nPaine, Roberto C\u00e1rdenas; dieron a conocer el detalle de las iniciativas\ndel&nbsp;emblem\u00e1tico hito que esta vez se adecuar\u00e1 a formato remoto, producto\nde la emergencia sanitaria que enfrenta Chile y el mundo.<\/p>\n\n\n\n<p>\u201cVivimos momentos\ncomplejos en materia de salud e inusuales de convivencia social. En medio de\neste nuevo escenario, la cultura y el patrimonio nos unen, pero esta vez de\nforma virtual. Invitamos a la ciudadan\u00eda a formar parte de esta especial iniciativa\ny que, adem\u00e1s, ofrecer\u00e1 la oportunidad de mostrar nuestros bienes culturales al\nresto del mundo y tambi\u00e9n tendremos la opci\u00f3n de recorrer y visitar espacios de\ndiferentes latitudes, desde nuestros hogares o del lugar en que nos encontremos,\na trav\u00e9s de dispositivos tecnol\u00f3gicos\u201d, coment\u00f3 la Seremi de las\nCulturas.&nbsp;&nbsp;&nbsp;<\/p>\n\n\n\n<p>El\n#D\u00edaDelPatrimonioEnCasa, una iniciativa coordinada por el Ministerio de las\nCulturas, las Artes y el Patrimonio y que se construye con la colaboraci\u00f3n de\nveintisiete instituciones p\u00fablicas, privadas y sociales en la regi\u00f3n, se\nllevar\u00e1 a cabo los d\u00edas 29, 30 y 31 de mayo.<\/p>\n\n\n\n<p>\u00abEn primer lugar deseo agradecer a\ntodos y todas los y las participantes de esta versi\u00f3n del D\u00eda del Patrimonio en\nCasa. Esta es una actividad en la que nos estamos re-uniendo y reconstruyendo\nuna nueva identidad, en un especial contexto. El patrimonio es m\u00f3vil y esta\npuesta en escena nos sirve para buscar, visitar y revisar nuestro acervo,\nmediante una modalidad diferente que nos permite replantearnos, manifestarnos y\nvalorar nuestros bienes culturales\u201d,\nrecalc\u00f3 el Director Regional del Servicio del Patrimonio.<\/p>\n\n\n\n<p>Las\nmuestras \u201cTarjetas postales de Magallanes 1898-1960\u201d, \u201cReviviendo en im\u00e1genes\nla historia de la Bomba de Magallanes\u201d, \u201cGas: energ\u00eda natural para Magallanes\u201d;\nlos recorridos virtuales \u201cVilla Cerro Castillo y su circuito patrimonial\u201d y \u201cLa\nsala de \u00e9poca del Museo Regional\u201d; talleres \u201cCompartiendo la cultura Hain\u201d y\n\u201cAprende a cocinar con scouts de Punta Arenas\u201d; el&nbsp;reestreno de c\u00e1psulas\nde v\u00eddeos de habitantes Torrepaininos, organizada por la municipalidad de\nTorres del Paine; radios antiguas de diferentes \u00e9pocas, gram\u00f3fonos y discos, en\nla propuesta \u201cSonidos del Ayer\u201d; conversatorios sobre artesan\u00eda en junquillo y\ncuero del pueblo Kaw\u00e9sqar y de \u201cArte, Patrimonio y Derechos Humanos\u201d; la\nexhibici\u00f3n de c\u00e1psulas animadas como la historia del \u00abMot\u00edn de Cambiaso\u201d; la\nexposici\u00f3n Virtual \u00abEsp\u00edritus del Hain\u00bb; la publicaci\u00f3n de material\nexclusivo que agrupa visiones de la historia del Cine en Tierra del Fuego, que incluye\nel lanzamiento del corto documental \u00abCerro Sombrero, el renacer de un\ncine\u00bb y las primeras filmaciones de Magallanes, constituyen parte del\nabanico de cuarenta y seis actividades implementadas en las comunas de Primavera, Torres del\nPaine, Natales, Cabo de Hornos y&nbsp; Punta\nArenas, y\nque la ciudadan\u00eda podr\u00e1 seguir y disfrutar de manera online.&nbsp;<\/p>\n\n\n\n<p>En el sitio&nbsp;<a href=\"http:\/\/www.diadelpatrimonio.cl\/\" target=\"_blank\" rel=\"noreferrer noopener\">www.diadelpatrimonio.cl<\/a>&nbsp;se\nencuentra disponible la informaci\u00f3n y detalles de cada uno de los panoramas\nregionales y de los m\u00e1s de mil a nivel nacional.<\/p>\n\n\n\n<p>A esta cartelera\ndiversa, se suma una invitaci\u00f3n especial para los usuarios de redes sociales.\nBajo el hashtag #MiMemoriaMiPatrimonio, el llamado es a compartir esos objetos,\nrecuerdos, relatos o memorias que son parte del patrimonio familiar y afectivo.<\/p>\n\n\n\n<p>Para participar se\ndebe publicar en redes sociales un texto, foto o video sobre ese elemento u\nobjeto significativo en la historia personal y familiar, usando siempre el\nhashtag #MiMemoriaMiPatrimonio y explicar por qu\u00e9 es importante. Puede ser una\ncarta, un juguete, una artesan\u00eda, una receta familiar, un video de esos\nguardados en el ba\u00fal de los recuerdos, una canci\u00f3n, entre muchas otras\nposibilidades.<\/p>\n\n\n\n<p>M\u00e1s detalles\nen:&nbsp;<a href=\"https:\/\/mcs.cultura.gob.cl\/owa\/redir.aspx?C=XBoEpGGXGg7Wp5l83vbhpJao3uYiS_9rQkpRdEbks8RXNuH4qgHYCA..&amp;URL=https%3a%2f%2fwww.monumentos.gob.cl%2fprensa%2fnoticias%2fconvocatoria-mi-memoria-mi-patrimonio\" target=\"_blank\" rel=\"noreferrer noopener\">https:\/\/www.monumentos.gob.cl\/prensa\/noticias\/convocatoria-mi-memoria-mi-patrimonio<\/a>.<\/p>\n\n\n\n<p><strong>Patrimonio cultural\ninmaterial&nbsp;<\/strong><\/p>\n\n\n\n<p>El patrimonio\ncultural inmaterial ser\u00e1 otro de los grandes protagonistas del\n#D\u00edaDelPatrimonioEnCasa. El Ministerio de las Culturas, junto a comunidades\ncultoras y otras instituciones, han elaborado un conjunto de actividades muy\ndiversas que gracias a la tecnolog\u00eda podr\u00e1n ser vistas desde cualquier lugar.<\/p>\n\n\n\n<p>En alianza con INJUV\nse organizaron en todas las regiones del pa\u00eds conversatorios dictados por\nj\u00f3venes cultoras y cultores portadores de tradiciones, saberes, pr\u00e1cticas y\nexpresiones presentes en el territorio tales como el Baile de Morenos de Paso,\nBaile Chino Coya Sur, Canto a lo Poeta y a lo Divino, Locer\u00eda Quinchamal\u00ed,\nSalineros, Organilleros, Artesan\u00eda tradicional Kaw\u00e9sqar, entre otros.<\/p>\n\n\n\n<p>Adem\u00e1s, se suman\notros eventos como presentaci\u00f3n de t\u00edteres para los m\u00e1s peque\u00f1os,\ndemostraciones de carpinteros desde la ribera del r\u00edo Cutipay, encuentros de\npayadores, paneles de conversaci\u00f3n en distintos puntos del pa\u00eds, lanzamientos\nde videos y c\u00e1psulas documentales.<\/p>\n","protected":false},"excerpt":{"rendered":"<p>Mediante una&nbsp;conferencia de prensa, en modo virtual, se efectu\u00f3 ese mi\u00e9rcoles la presentaci\u00f3n del programa de actividades con las que se conmemorar\u00e1 el in\u00e9dito #D\u00edadelPatrimonioEnCasa en la regi\u00f3n de Magallanes&#8230;. <a class=\"read-more\" href=\"https:\/\/www.radiopresidenteibanez.cl\/web\/magalanes-ofrece-mas-de-cuarenta-actividades-para-disfrutar-el-diadelpatrimonioencasa\/\">Leer m\u00e1s<\/a><\/p>\n","protected":false},"author":2,"featured_media":0,"comment_status":"closed","ping_status":"closed","sticky":false,"template":"","format":"standard","meta":{"footnotes":""},"categories":[1],"tags":[],"class_list":["post-12241","post","type-post","status-publish","format-standard","hentry","category-cronica"],"_links":{"self":[{"href":"https:\/\/www.radiopresidenteibanez.cl\/web\/wp-json\/wp\/v2\/posts\/12241","targetHints":{"allow":["GET"]}}],"collection":[{"href":"https:\/\/www.radiopresidenteibanez.cl\/web\/wp-json\/wp\/v2\/posts"}],"about":[{"href":"https:\/\/www.radiopresidenteibanez.cl\/web\/wp-json\/wp\/v2\/types\/post"}],"author":[{"embeddable":true,"href":"https:\/\/www.radiopresidenteibanez.cl\/web\/wp-json\/wp\/v2\/users\/2"}],"replies":[{"embeddable":true,"href":"https:\/\/www.radiopresidenteibanez.cl\/web\/wp-json\/wp\/v2\/comments?post=12241"}],"version-history":[{"count":0,"href":"https:\/\/www.radiopresidenteibanez.cl\/web\/wp-json\/wp\/v2\/posts\/12241\/revisions"}],"wp:attachment":[{"href":"https:\/\/www.radiopresidenteibanez.cl\/web\/wp-json\/wp\/v2\/media?parent=12241"}],"wp:term":[{"taxonomy":"category","embeddable":true,"href":"https:\/\/www.radiopresidenteibanez.cl\/web\/wp-json\/wp\/v2\/categories?post=12241"},{"taxonomy":"post_tag","embeddable":true,"href":"https:\/\/www.radiopresidenteibanez.cl\/web\/wp-json\/wp\/v2\/tags?post=12241"}],"curies":[{"name":"wp","href":"https:\/\/api.w.org\/{rel}","templated":true}]}}