{"id":12238,"date":"2020-05-27T20:27:46","date_gmt":"2020-05-27T20:27:46","guid":{"rendered":"https:\/\/www.radiopresidenteibanez.cl\/web\/?p=12238"},"modified":"2020-05-27T20:27:50","modified_gmt":"2020-05-27T20:27:50","slug":"cuenta-publica-participativa-de-minvu-destaco-cumplimiento-de-compromisos-en-materia-habitacional-y-renovacion-de-espacios-publicos","status":"publish","type":"post","link":"https:\/\/www.radiopresidenteibanez.cl\/web\/cuenta-publica-participativa-de-minvu-destaco-cumplimiento-de-compromisos-en-materia-habitacional-y-renovacion-de-espacios-publicos\/","title":{"rendered":"CUENTA P\u00daBLICA PARTICIPATIVA DE MINVU DESTAC\u00d3 CUMPLIMIENTO DE COMPROMISOS EN MATERIA HABITACIONAL Y RENOVACI\u00d3N DE ESPACIOS P\u00daBLICOS"},"content":{"rendered":"\n<p>Las autoridades de Vivienda y Urbanismo informaron los principales proyectos efectuados en materia habitacional y urbana en todas las provincias de la Regi\u00f3n, con la ejecuci\u00f3n de un presupuesto total de $56.045 millones de pesos, el que se increment\u00f3 en un 13 por ciento para el a\u00f1o en curso.<\/p>\n\n\n\n<p>Respecto a lo efectuado, el Seremi Minvu, Jos\u00e9 Miguel Horcos, indic\u00f3 \u201cDado los importantes avances que ha tenido el Minvu durante estos a\u00f1os, queremos seguir sentando las bases para que futuras administraciones no s\u00f3lo lleguen a estos n\u00fameros, sino que ojal\u00e1 nos superen. Pese a que se sucedan distintas administraciones, es importante que el trabajo de la cartera no se detenga y sea cada vez mejor. Hemos fomentado y seguiremos impulsando con fuerza la integraci\u00f3n social, la que ha sido clave durante el Gobierno del Presidente Sebasti\u00e1n Pi\u00f1era, donde hemos dejado atr\u00e1s la antigua pol\u00edtica de los barrios segregados y alejados de servicios necesarios para el diario vivir\u201d.<\/p>\n\n\n\n<p>En el \u00e1mbito habitacional, el director regional del Serviu, Dubalio P\u00e9rez Ruiz, destac\u00f3 que este ha sido uno de los ejes principales de la actual administraci\u00f3n, con el objeto de solucionar la necesidad urgente de personas que pagan arriendo o viven de allegadas, contando con el respaldo del Consejo Regional, que a trav\u00e9s del convenio MINVU-GORE ha otorgado recursos adicionales para concretar estas iniciativas. \u201cHemos trabajado incansablemente con las agrupaciones de vivienda como Quiero mi techo, Alto Alerce y Tricultural, en Punta Arenas. Monte Fenton, Monte Aymond y Sarmiento que vienen arrastrando su proyecto desde el 2016 y para el que ya contamos con el aporte adicional del Consejo Regional, estando a la espera de la identificaci\u00f3n de dichos recursos para concretar el llamado a licitaci\u00f3n e inicio de obras. En Natales, mencionar a las agrupaciones San Pedro, Centenario, Sol del Pac\u00edfico y Brisas del Mar, en Porvenir Lomas de Baquedano y en Puerto Williams Soberan\u00eda en el fin del mundo\u201d.<\/p>\n\n\n\n<p>En esta misma materia, las autoridades valoraron el aporte del Consejo de la Sociedad Civil del Serviu, que, mediante el seguimiento al quehacer institucional, solicit\u00f3 difundir los avances cualitativos que se realizan de manera continua a trav\u00e9s de los programas del MINVU. Esto se observa en la calidad de las viviendas sin deuda, cuya superficie alcanza los 50 mt2 en propiedades aisladas y 60 mt2 en construcci\u00f3n en altura, equipamiento en ba\u00f1o, cocina y logia, adelantos como ventanas de termopanel y calefacci\u00f3n central en los \u00faltimos barrios entregados; adem\u00e1s de verdes, equipamiento comunitario y conexi\u00f3n a v\u00edas urbanas y servicios existentes.<\/p>\n\n\n\n<p>En el periodo, 1.387 familias recibieron las llaves de sus viviendas, ubicadas en 10 conjuntos habitacionales. Se encuentran en ejecuci\u00f3n 1.219 viviendas y durante 2020 se iniciar\u00edan obras por 1.794 soluciones m\u00e1s, correspondientes a 15 proyectos del Fondo Solidario de Elecci\u00f3n de Vivienda DS 49. En este contexto, el director regional del Serviu indic\u00f3 que \u201ccon esta cifra total de 4.400 viviendas podemos afirmar que estamos cumpliendo el compromiso del Presidente de la Rep\u00fablica de entregar 4.100 soluciones habitacionales para el periodo 2018-2022 en la Regi\u00f3n de Magallanes y de la Ant\u00e1rtica Chilena\u201d.<\/p>\n\n\n\n<p>En cuanto a entrega de subsidios, se entregaron 1.634 subsidios para adquisici\u00f3n o construcci\u00f3n de soluciones habitacionales, con una inversi\u00f3n superior a los $ 37.000 millones de pesos, desglosados en 713 subsidios del Fondo Solidario de Elecci\u00f3n de Vivienda (DS49), 196 subsidios de Sectores medios DS1, 600 subsidios de integraci\u00f3n social territorial DS19 y 125 subsidios de Arriendo. En tanto, se destinaron 485 subsidios al mejoramiento o ampliaci\u00f3n de viviendas, con una inversi\u00f3n que supera los $ 1.900 millones de pesos.<\/p>\n\n\n\n<p>En vivienda para la poblaci\u00f3n adulta mayor, finaliz\u00f3 la construcci\u00f3n de un condominio de 20 unidades en Punta Arenas y se inici\u00f3 el dise\u00f1o de dos condominios de 25 viviendas para Punta Arenas y 20 para la ciudad de Puerto Natales.<\/p>\n\n\n\n<p>Otra noticia relevante dada a conocer, fue la definici\u00f3n en Punta Arenas de un pol\u00edgono de Proyecto Urbano Habitacional (PUH) en un terreno de 15 hect\u00e1reas de propiedad del Serviu, buscando generar condiciones para continuar la construcci\u00f3n de viviendas con una planificaci\u00f3n que considere equipamiento, vialidades, acceso a servicios, entre otros requerimientos sociales. En base al PUH se ampl\u00eda zona para que el 2020 se defina Zona de Inversi\u00f3n P\u00fablica Prioritaria (ZIPP) que permita inversi\u00f3n multisectorial en dicho sector.<\/p>\n\n\n\n<p>En el \u00e1mbito urbano, el Seremi Minvu destac\u00f3 la importancia de este desarrollo junto a las municipalidades, que permite planificar, crear y mejorar los espacios p\u00fablicos y vialidad de las ciudades. Fue as\u00ed que el 2019, la inversi\u00f3n del Minvu alcanz\u00f3 los $11.297 millones de pesos y la inversi\u00f3n del Fondo Nacional de Desarrollo Regional fue de $ 5.888 millones de pesos. Distribuido en Rehabilitaci\u00f3n de Espacios P\u00fablicos (22%), Proyecto Urbano Integral (21%), Vialidad Estructurante (16%), Pavimentaci\u00f3n Participativa (14%), Vialidad Intermedia (13%); infraestructura Sanitaria(6%);&nbsp; Construcci\u00f3n Parques Urbanos (4%); B\u00e1sicas Adulto Mayor(4%).<\/p>\n\n\n\n<p>Durante la exposici\u00f3n, se rindi\u00f3 cuenta de las obras urbanas finalizadas e iniciadas el 2019, mencionando ejemplos como el mejoramiento de los bandejones centrales de Avenida Independencia- Salvador Allende; la construcci\u00f3n de la \u00faltima etapa del Parque Manuel de Salas; el dise\u00f1o de 60 kil\u00f3metros de ciclorutas; la construcci\u00f3n de la Plaza de Armas de San Gregorio; el mejoramiento de las Costaneras de Punta Arenas y Puerto Natales, as\u00ed como el dise\u00f1o de la cuarta etapa del borde costero de Porvenir; los dise\u00f1os del mejoramiento de la Plaza Eduardo Frei y el Centro Costumbrista en Laguna Blanca y la Plaza Bernardo O\u2019Higgins en Puerto Williams. En vialidad, se enumeraron obras de pavimentaci\u00f3n en Puerto Williams; ejecuci\u00f3n de contratos para la mantenci\u00f3n de la red secundaria de aguas lluvias; conservaci\u00f3n de v\u00edas urbanas; y la conexi\u00f3n de la trama urbana de la capital regional a trav\u00e9s de los proyectos viales que unen Pedro B\u00f3rquez con Monse\u00f1or Fagnano y Mateo de Toro y Zambrano con Cirujano Videla;<\/p>\n\n\n\n<p>Desde la Seremi Minvu informaron que se encuentran en diferentes estados de avance, instrumentos de Planificaci\u00f3n Territorial en las 10 comunas de la regi\u00f3n. Igualmente se trabaja en la recuperaci\u00f3n de barrios vulnerables en Punta Arenas, Natales y Cabo de Hornos, a trav\u00e9s del Programa de Recuperaci\u00f3n de Barrios, que cuenta con recursos sectoriales, as\u00ed como del Gobierno Regional, para concretar los aportes de los propios vecinos y vecinas.&nbsp; Y en la localidad de Villa Punta Delgada, comuna de San Gregorio, se ejecuta el Programa Peque\u00f1as Localidades \u201cLugares que Crecen\u201d, que contempla desde el 2018 al 2022 una inversi\u00f3n MM$1.500.000 y entre las que destaca la ejecuci\u00f3n de la plaza y el hito de acceso de la comuna con la escultura de una familia Aonikenk.<\/p>\n\n\n\n<p>Cabe se\u00f1alar que el programa de participaci\u00f3n ciudadana en relaci\u00f3n a la Cuenta P\u00fablica se extiende hasta el 10 de junio. Por lo que las personas interesadas pueden revisar la exposici\u00f3n en la Fanpage Serviu Magallanes y completar el formulario en&nbsp;<a href=\"https:\/\/forms.gle\/oqYjvzrW3xNB3nQS6\" target=\"_blank\" rel=\"noreferrer noopener\">https:\/\/forms.gle\/oqYjvzrW3xNB3nQS6<\/a><\/p>\n\n\n\n<p>PROGRAMA<\/p>\n\n\n\n<p>22 de mayo: Publicaci\u00f3n Cuenta P\u00fablica en Fanpage Serviu Magallanes<\/p>\n\n\n\n<p>22al 25 de mayo: Recepci\u00f3n de consultas que ser\u00e1n respondidas 27 de mayo<\/p>\n\n\n\n<p>25 de mayo al 10 de junio: Proceso de consulta virtual<\/p>\n\n\n\n<p>27 de mayo: Ceremonia virtual Cuenta P\u00fablica. Emisi\u00f3n video en Fanpage Serviu Magallanes<\/p>\n\n\n\n<p>Formulario de consultas&nbsp;<a href=\"https:\/\/forms.gle\/oqYjvzrW3xNB3nQS6\" target=\"_blank\" rel=\"noreferrer noopener\">https:\/\/forms.gle\/oqYjvzrW3xNB3nQS6<\/a><\/p>\n","protected":false},"excerpt":{"rendered":"<p>Las autoridades de Vivienda y Urbanismo informaron los principales proyectos efectuados en materia habitacional y urbana en todas las provincias de la Regi\u00f3n, con la ejecuci\u00f3n de un presupuesto total&#8230; <a class=\"read-more\" href=\"https:\/\/www.radiopresidenteibanez.cl\/web\/cuenta-publica-participativa-de-minvu-destaco-cumplimiento-de-compromisos-en-materia-habitacional-y-renovacion-de-espacios-publicos\/\">Leer m\u00e1s<\/a><\/p>\n","protected":false},"author":2,"featured_media":12239,"comment_status":"closed","ping_status":"closed","sticky":false,"template":"","format":"standard","meta":{"footnotes":""},"categories":[1],"tags":[],"class_list":["post-12238","post","type-post","status-publish","format-standard","has-post-thumbnail","hentry","category-cronica"],"_links":{"self":[{"href":"https:\/\/www.radiopresidenteibanez.cl\/web\/wp-json\/wp\/v2\/posts\/12238","targetHints":{"allow":["GET"]}}],"collection":[{"href":"https:\/\/www.radiopresidenteibanez.cl\/web\/wp-json\/wp\/v2\/posts"}],"about":[{"href":"https:\/\/www.radiopresidenteibanez.cl\/web\/wp-json\/wp\/v2\/types\/post"}],"author":[{"embeddable":true,"href":"https:\/\/www.radiopresidenteibanez.cl\/web\/wp-json\/wp\/v2\/users\/2"}],"replies":[{"embeddable":true,"href":"https:\/\/www.radiopresidenteibanez.cl\/web\/wp-json\/wp\/v2\/comments?post=12238"}],"version-history":[{"count":0,"href":"https:\/\/www.radiopresidenteibanez.cl\/web\/wp-json\/wp\/v2\/posts\/12238\/revisions"}],"wp:featuredmedia":[{"embeddable":true,"href":"https:\/\/www.radiopresidenteibanez.cl\/web\/wp-json\/wp\/v2\/media\/12239"}],"wp:attachment":[{"href":"https:\/\/www.radiopresidenteibanez.cl\/web\/wp-json\/wp\/v2\/media?parent=12238"}],"wp:term":[{"taxonomy":"category","embeddable":true,"href":"https:\/\/www.radiopresidenteibanez.cl\/web\/wp-json\/wp\/v2\/categories?post=12238"},{"taxonomy":"post_tag","embeddable":true,"href":"https:\/\/www.radiopresidenteibanez.cl\/web\/wp-json\/wp\/v2\/tags?post=12238"}],"curies":[{"name":"wp","href":"https:\/\/api.w.org\/{rel}","templated":true}]}}