{"id":12235,"date":"2020-05-27T20:21:22","date_gmt":"2020-05-27T20:21:22","guid":{"rendered":"https:\/\/www.radiopresidenteibanez.cl\/web\/?p=12235"},"modified":"2020-05-27T20:21:25","modified_gmt":"2020-05-27T20:21:25","slug":"ministro-prokurica-la-mineria-ayudara-a-financiar-gran-parte-de-las-medidas-de-reactivacion-economica-cuando-pase-la-pandemia","status":"publish","type":"post","link":"https:\/\/www.radiopresidenteibanez.cl\/web\/ministro-prokurica-la-mineria-ayudara-a-financiar-gran-parte-de-las-medidas-de-reactivacion-economica-cuando-pase-la-pandemia\/","title":{"rendered":"MINISTRO PROKURICA: LA MINER\u00cdA AYUDAR\u00c1 A FINANCIAR GRAN PARTE DE LAS MEDIDAS DE REACTIVACI\u00d3N ECON\u00d3MICA CUANDO PASE LA PANDEMIA"},"content":{"rendered":"\n<p>En el marco de su tercera Cuenta P\u00fablica a la cabeza de Miner\u00eda, el ministro de la cartera, Baldo Prokurica, realiz\u00f3 el balance de la gesti\u00f3n realizada en 2019, abord\u00f3 los desaf\u00edos de la industria para los pr\u00f3ximos a\u00f1os e hizo especial \u00e9nfasis en el impacto que tendr\u00e1 la pandemia por Covid-19 y el rol del sector en la recuperaci\u00f3n econ\u00f3mica del pa\u00eds.<\/p>\n\n\n\n<p>En la oportunidad, el secretario de Estado destac\u00f3 el rol que han jugado las empresas mineras, que han dispuesto de medidas sanitarias y tambi\u00e9n han aportado con recursos, equipamientos e insumos a los servicios de salud y comunidades para enfrentar el Coronavirus. &nbsp;<\/p>\n\n\n\n<p>\u201cLa miner\u00eda chilena pese a enfrentar un momento complejo producto de los bajos precios del cobre y los efectos de esta pandemia, siempre muestra su solidaridad en momentos de emergencia y, esta vez, no ha sido la excepci\u00f3n\u201d, destac\u00f3 Prokurica.<\/p>\n\n\n\n<p>La m\u00e1xima autoridad de la industria puntualiz\u00f3 que \u201csabemos que vivimos momentos complejos producto de esta emergencia sanitaria denominada Coronavirus, pero tambi\u00e9n estamos conscientes que esta industria es fundamental para el desarrollo del pa\u00eds, pero siempre supeditada a los criterios sanitarios\u201d.<\/p>\n\n\n\n<p>En esa l\u00ednea, agreg\u00f3 que \u201cnuestro Gobierno no dejar\u00e1 solo ni a sus trabajadores ni a sus pymes y ser\u00e1 la miner\u00eda quien nos ayude a financiar gran parte de las medidas de reactivaci\u00f3n econ\u00f3mica y poner de pie a las familias chilenas, cuando pase la pandemia, como siempre ha sido a lo largo de la historia\u201d.<\/p>\n\n\n\n<p><strong>Balance 2019 y desaf\u00edos de la industria<\/strong><\/p>\n\n\n\n<p>En la oportunidad, el secretario de Estado destac\u00f3 iniciativas como el in\u00e9dito acuerdo de cooperaci\u00f3n p\u00fablico-privado para arrendar sus pertenencias mineras a peque\u00f1os mineros; la colaboraci\u00f3n activa de la Divisi\u00f3n de Desarrollo Sostenible (DDS) para apoyar la concreci\u00f3n de proyectos de inversi\u00f3n del sector; los avances de los proyectos de expansi\u00f3n de Codelco; la importante reducci\u00f3n de p\u00e9rdidas de Enami y su compromiso con la disminuci\u00f3n de gases de la fundici\u00f3n Hern\u00e1n Videla Lira.<\/p>\n\n\n\n<p>Respecto a sus servicios, Prokurica destac\u00f3 el trabajo de Sernageomin en materia de fiscalizaci\u00f3n y seguridad y, sobre las labores de Cochilco, detall\u00f3 que en 2019 se realizaron 55 auditor\u00edas, investigaciones y an\u00e1lisis de requerimientos especiales a Codelco y Enami.<\/p>\n\n\n\n<p>Para los pr\u00f3ximos a\u00f1os, el ministro Prokurica sostuvo que \u201cesta cartera se ha trazado una serie de metas y medidas para el per\u00edodo 2020-2022 con el fin de que nuestro pa\u00eds sea un ejemplo en sostenibilidad minera. Ellas consideran impulsar la exploraci\u00f3n, inversi\u00f3n y la sustentabilidad ambiental con el plan nacional de dep\u00f3sitos de relaves y el uso de energ\u00edas renovables. Adem\u00e1s, continuaremos fomentando la peque\u00f1a y mediana miner\u00eda y, sobre todo, una mayor participaci\u00f3n femenina en esta industria\u201d.<\/p>\n","protected":false},"excerpt":{"rendered":"<p>En el marco de su tercera Cuenta P\u00fablica a la cabeza de Miner\u00eda, el ministro de la cartera, Baldo Prokurica, realiz\u00f3 el balance de la gesti\u00f3n realizada en 2019, abord\u00f3&#8230; <a class=\"read-more\" href=\"https:\/\/www.radiopresidenteibanez.cl\/web\/ministro-prokurica-la-mineria-ayudara-a-financiar-gran-parte-de-las-medidas-de-reactivacion-economica-cuando-pase-la-pandemia\/\">Leer m\u00e1s<\/a><\/p>\n","protected":false},"author":2,"featured_media":12236,"comment_status":"closed","ping_status":"closed","sticky":false,"template":"","format":"standard","meta":{"footnotes":""},"categories":[1],"tags":[],"class_list":["post-12235","post","type-post","status-publish","format-standard","has-post-thumbnail","hentry","category-cronica"],"_links":{"self":[{"href":"https:\/\/www.radiopresidenteibanez.cl\/web\/wp-json\/wp\/v2\/posts\/12235","targetHints":{"allow":["GET"]}}],"collection":[{"href":"https:\/\/www.radiopresidenteibanez.cl\/web\/wp-json\/wp\/v2\/posts"}],"about":[{"href":"https:\/\/www.radiopresidenteibanez.cl\/web\/wp-json\/wp\/v2\/types\/post"}],"author":[{"embeddable":true,"href":"https:\/\/www.radiopresidenteibanez.cl\/web\/wp-json\/wp\/v2\/users\/2"}],"replies":[{"embeddable":true,"href":"https:\/\/www.radiopresidenteibanez.cl\/web\/wp-json\/wp\/v2\/comments?post=12235"}],"version-history":[{"count":0,"href":"https:\/\/www.radiopresidenteibanez.cl\/web\/wp-json\/wp\/v2\/posts\/12235\/revisions"}],"wp:featuredmedia":[{"embeddable":true,"href":"https:\/\/www.radiopresidenteibanez.cl\/web\/wp-json\/wp\/v2\/media\/12236"}],"wp:attachment":[{"href":"https:\/\/www.radiopresidenteibanez.cl\/web\/wp-json\/wp\/v2\/media?parent=12235"}],"wp:term":[{"taxonomy":"category","embeddable":true,"href":"https:\/\/www.radiopresidenteibanez.cl\/web\/wp-json\/wp\/v2\/categories?post=12235"},{"taxonomy":"post_tag","embeddable":true,"href":"https:\/\/www.radiopresidenteibanez.cl\/web\/wp-json\/wp\/v2\/tags?post=12235"}],"curies":[{"name":"wp","href":"https:\/\/api.w.org\/{rel}","templated":true}]}}