{"id":12233,"date":"2020-05-27T20:08:26","date_gmt":"2020-05-27T20:08:26","guid":{"rendered":"https:\/\/www.radiopresidenteibanez.cl\/web\/?p=12233"},"modified":"2020-05-27T20:08:30","modified_gmt":"2020-05-27T20:08:30","slug":"declaracion-publica-ante-el-llamado-a-acuerdo-nacional","status":"publish","type":"post","link":"https:\/\/www.radiopresidenteibanez.cl\/web\/declaracion-publica-ante-el-llamado-a-acuerdo-nacional\/","title":{"rendered":"DECLARACION P\u00daBLICA ANTE EL LLAMADO A ACUERDO NACIONAL"},"content":{"rendered":"\n<p>\n\nQuienes suscriben expresamos nuestra posici\u00f3n frente al llamado efectuado por el gobierno en orden a impulsar un Acuerdo Nacional:<\/p>\n\n\n\n<p>1. La necesidad de enfrentar con mayor eficiencia las consecuencias provocadas por el Covid 19 son absolutamente necesarias y urgentes. La zigzagueante postura del gobierno en esta materia provoca leg\u00edtimas sospechas sobre la veracidad de la informaci\u00f3n que se entrega a la poblaci\u00f3n, y por tanto, resulta imprescindible, tal como lo han planteado organizaciones gremiales de la Salud (Colmed, Confusam, Fenprus, Confedeprus, Fenat) la constituci\u00f3n de una instancia transversal y transparente que otorgue confianza a todo el pa\u00eds respecto de las pol\u00edticas que se abordar\u00e1n para contener la expansi\u00f3n del contagio y detener la propagaci\u00f3n de esta pandemia.<\/p>\n\n\n\n<p>2. Una instancia transversal debe cumplir condiciones \u00e9ticas m\u00ednimas para contar con la credibilidad y el apoyo de la ciudadan\u00eda. Es de una provocaci\u00f3n inaceptable que personajes que abierta y descaradamente se han opuesto a cambios pol\u00edticos en el pa\u00eds, levantando campa\u00f1as del terror ante el cambio constitucional, hoy se erijan como voceros y postulen un \u201cacuerdo nacional\u201d junto a los mismos rostros que en alguno de los gobiernos pos dictadura hicieron uso y abusos del Estado para legalizar el traspaso desvergonzado de fondos p\u00fablicos a privados, en \u00e1reas tan sensibles como es la Salud P\u00fablica, que hoy, de manera totalmente desfinanciada tiene que hacer frente a la pandemia, mientras que la salud privada saca cuentas antes de prestar el apoyo tan necesario para combatir la crisis sanitaria.<\/p>\n\n\n\n<p>3. El pueblo sufre con mayor rigor las desigualdades sociales que se cristalizaron en estos 30 a\u00f1os de consolidaci\u00f3n de un modelo econ\u00f3mico desigual y abusivo. Ha quedado claro, que nuestro pa\u00eds como consecuencia de la privatizaci\u00f3n de la salud y la previsi\u00f3n, hoy enfrenta con absoluto desamparo y orfandad la crisis social y econ\u00f3mica que se ha instalado y cuyas consecuencias ahondar\u00e1n mucho m\u00e1s la pobreza y desigualdad en nuestro pa\u00eds. Nada bueno puede esperar el pueblo de Chile de un Acuerdo Nacional celebrado por aquellas instituciones desacreditadas que persisten en hacer pol\u00edtica de espaldas a la poblaci\u00f3n. Nada bueno puede esperarse, si los mismos que promueven estos acuerdos, son los mismos que niegan sostenidamente respuestas a las demandas que mayoritariamente el pueblo de Chile en su mayor\u00eda reclama.<\/p>\n\n\n\n<p>4. Son los mismos que se pertrechan para impedir avanzar hacia una nueva Constituci\u00f3n, los mismos que controlan los medios de comunicaci\u00f3n para mentir defendiendo a las afp, a las isapres, el c\u00f3digo de aguas y todas las reivindicaciones sentidas por la poblaci\u00f3n, son los mismos que han validado el descaro de las grandes compa\u00f1\u00edas que se han acogido al Plan de Protecci\u00f3n al Empleo trasladando el costo de la crisis a las y los trabajadores.<\/p>\n\n\n\n<p>Desde ya vaticinamos la falta de legitimidad que tendr\u00e1 este acuerdo en la poblaci\u00f3n, lo decimos porque somos organizaciones reales y genuinas, con fuerte raigambre en el tejido social que conoce y hace suyo el fuerte rechazo a cualquier acuerdo construido a espaldas de la poblaci\u00f3n, en especial, cuando los promotores de \u00e9ste han manifestado de manera clara su voluntad de impedir el ejercicio democr\u00e1tico de un plebiscito que ponga fin de una vez por todas a la Constituci\u00f3n Politica de la Tiran\u00eda C\u00edvico Militar. Llamamos a nuestro pueblo a las organizaciones, sociales, sindicales y gremiales a mantenerse alerta ante esta nueva traici\u00f3n que pretende gener\u00e1rsele a nuestro pueblo.<\/p>\n\n\n\n<p>Manifestamos nuestra voluntad de sumarnos a cualquier iniciativa que implique desarrollar pol\u00edticas de solidaridad y cuidado a nuestro pueblo, en especial a los sectores m\u00e1s pobres de nuestro pa\u00eds.<\/p>\n\n\n\n<p>* COLEGIO DE PROFESORAS Y PROFESORES DE CHILE<br>* NO + AFP<br>* FECH<br>* UKAMAU<br>* MODATIMA<br><\/p>\n","protected":false},"excerpt":{"rendered":"<p>Quienes suscriben expresamos nuestra posici\u00f3n frente al llamado efectuado por el gobierno en orden a impulsar un Acuerdo Nacional: 1. La necesidad de enfrentar con mayor eficiencia las consecuencias provocadas&#8230; <a class=\"read-more\" href=\"https:\/\/www.radiopresidenteibanez.cl\/web\/declaracion-publica-ante-el-llamado-a-acuerdo-nacional\/\">Leer m\u00e1s<\/a><\/p>\n","protected":false},"author":2,"featured_media":740,"comment_status":"closed","ping_status":"closed","sticky":false,"template":"","format":"standard","meta":{"footnotes":""},"categories":[1],"tags":[],"class_list":["post-12233","post","type-post","status-publish","format-standard","has-post-thumbnail","hentry","category-cronica"],"_links":{"self":[{"href":"https:\/\/www.radiopresidenteibanez.cl\/web\/wp-json\/wp\/v2\/posts\/12233","targetHints":{"allow":["GET"]}}],"collection":[{"href":"https:\/\/www.radiopresidenteibanez.cl\/web\/wp-json\/wp\/v2\/posts"}],"about":[{"href":"https:\/\/www.radiopresidenteibanez.cl\/web\/wp-json\/wp\/v2\/types\/post"}],"author":[{"embeddable":true,"href":"https:\/\/www.radiopresidenteibanez.cl\/web\/wp-json\/wp\/v2\/users\/2"}],"replies":[{"embeddable":true,"href":"https:\/\/www.radiopresidenteibanez.cl\/web\/wp-json\/wp\/v2\/comments?post=12233"}],"version-history":[{"count":0,"href":"https:\/\/www.radiopresidenteibanez.cl\/web\/wp-json\/wp\/v2\/posts\/12233\/revisions"}],"wp:featuredmedia":[{"embeddable":true,"href":"https:\/\/www.radiopresidenteibanez.cl\/web\/wp-json\/wp\/v2\/media\/740"}],"wp:attachment":[{"href":"https:\/\/www.radiopresidenteibanez.cl\/web\/wp-json\/wp\/v2\/media?parent=12233"}],"wp:term":[{"taxonomy":"category","embeddable":true,"href":"https:\/\/www.radiopresidenteibanez.cl\/web\/wp-json\/wp\/v2\/categories?post=12233"},{"taxonomy":"post_tag","embeddable":true,"href":"https:\/\/www.radiopresidenteibanez.cl\/web\/wp-json\/wp\/v2\/tags?post=12233"}],"curies":[{"name":"wp","href":"https:\/\/api.w.org\/{rel}","templated":true}]}}