{"id":12230,"date":"2020-05-27T20:04:14","date_gmt":"2020-05-27T20:04:14","guid":{"rendered":"https:\/\/www.radiopresidenteibanez.cl\/web\/?p=12230"},"modified":"2020-05-27T20:04:18","modified_gmt":"2020-05-27T20:04:18","slug":"mineduc-lanza-nueva-oferta-formativa-para-apoyar-a-la-comunidad-docente-en-el-contexto-de-emergencia-sanitaria","status":"publish","type":"post","link":"https:\/\/www.radiopresidenteibanez.cl\/web\/mineduc-lanza-nueva-oferta-formativa-para-apoyar-a-la-comunidad-docente-en-el-contexto-de-emergencia-sanitaria\/","title":{"rendered":"MINEDUC LANZA NUEVA OFERTA FORMATIVA PARA APOYAR A LA COMUNIDAD DOCENTE EN EL CONTEXTO DE EMERGENCIA SANITARIA"},"content":{"rendered":"\n<p>El Ministerio de Educaci\u00f3n, a trav\u00e9s de su Centro de Perfeccionamiento, Experimentaci\u00f3n e Investigaciones Pedag\u00f3gicas (CPEIP), ha dispuesto una nueva oferta formativa para la comunidad docente, la cual busca responder a las necesidades que experimentan profesores, educadores y directivos en el contexto actual del pa\u00eds, marcado por la emergencia sanitaria.<\/p>\n\n\n\n<p>De esta manera, se ofrecer\u00e1n&nbsp;<strong>28 nuevos cursos gratuitos<\/strong>&nbsp;enfocados en tres ejes: priorizaci\u00f3n curricular, aprendizaje socioemocional y herramientas digitales, a los cuales podr\u00e1n postular los equipos pedag\u00f3gicos de establecimientos que reciban financiamiento del Estado de todo el pa\u00eds, como municipales, servicios locales, particulares subvencionados y administraci\u00f3n delegada.&nbsp;<\/p>\n\n\n\n<p>Los programas ser\u00e1n impartidos a distancia, en su modalidad e-learning, de manera de facilitar el desarrollo profesional en el escenario actual y resguardar la seguridad. En ese sentido, habr\u00e1 m\u00e1s de&nbsp;<strong>9.180 cupos&nbsp;<\/strong>para directivos, docentes de todos los niveles (TP, media, b\u00e1sica preescolar), asistentes de aula y profesores diferenciales PIE, quienes podr\u00e1n postular a trav\u00e9s de la nueva plataforma digital desarrollada por el CPEIP:&nbsp;<a href=\"https:\/\/desarrollodocenteenlinea.cpeip.cl\/\" target=\"_blank\" rel=\"noreferrer noopener\">https:\/\/desarrollodocenteenlinea.cpeip.cl\/<\/a>.<\/p>\n\n\n\n<p>Este nuevo portal, que prioriza la entrega de oferta formativa remota, brinda una experiencia personalizada para cada usuario, de manera de que los profesores puedan perfeccionarse acorde a la etapa de su propia trayectoria, necesidades de mejora, intereses y perfil profesional. Gracias a que adem\u00e1s incluye c\u00e1psulas informativas y recursos para la autoformaci\u00f3n personal, se convierte en una herramienta de gran relevancia para avanzar en Calidad Docente y en la educaci\u00f3n del pa\u00eds.<\/p>\n\n\n\n<p>\u201cA trav\u00e9s de esta nueva oferta formativa alineada con la priorizaci\u00f3n curricular, se busca entregar herramientas que permitan dar continuidad al proceso educativo en el actual contexto sanitario, el cual ha implicado ajustar las modalidades de ense\u00f1anza para asegurar los aprendizajes de los estudiantes. De esta manera, se espera que los docentes de todo el territorio nacional se apropien de los objetivos priorizados para continuar con el proceso educativo, atendiendo las excepcionalidades propias del contexto\u201d, destac\u00f3 la directora del CPEIP, Francisca D\u00edaz.<\/p>\n\n\n\n<p>Los cursos sobre priorizaci\u00f3n curricular permitir\u00e1n a los docentes y educadores analizar el curr\u00edculum priorizado de cada asignatura y nivel educativo, adem\u00e1s de reflexionar acerca de sus fundamentos revisando distintos m\u00e9todos y recursos que les permitan aplicarlo a su propia realidad.<\/p>\n\n\n\n<p>En tanto, los programas espec\u00edficos sobre aprendizaje socioemocional se enfocar\u00e1n en impulsar el desarrollo de habilidades que les posibiliten a docentes y educadores la generaci\u00f3n de ambientes sanos emocionalmente, en donde los estudiantes desarrollen la capacidad de expresar ideas y sentimientos, y, adem\u00e1s, puedan sentirse confiados, acogidos y motivados para aprender.<\/p>\n\n\n\n<p>Finalmente, los cursos sobre herramientas digitales se configurar\u00e1n como una instancia de aprendizaje en donde los participantes puedan desarrollar habilidades digitales b\u00e1sicas, optimizando los recursos educativos que utilizan habitualmente para sus clases y aprovechando aquellos que se encuentran disponibles en Internet.<\/p>\n\n\n\n<p><a href=\"https:\/\/desarrollodocenteenlinea.cpeip.cl\/\" target=\"_blank\" rel=\"noreferrer noopener\"><strong>Para acceder a la nueva plataforma de cursos y postular ingresa aqu\u00ed.<\/strong><\/a><\/p>\n","protected":false},"excerpt":{"rendered":"<p>El Ministerio de Educaci\u00f3n, a trav\u00e9s de su Centro de Perfeccionamiento, Experimentaci\u00f3n e Investigaciones Pedag\u00f3gicas (CPEIP), ha dispuesto una nueva oferta formativa para la comunidad docente, la cual busca responder&#8230; <a class=\"read-more\" href=\"https:\/\/www.radiopresidenteibanez.cl\/web\/mineduc-lanza-nueva-oferta-formativa-para-apoyar-a-la-comunidad-docente-en-el-contexto-de-emergencia-sanitaria\/\">Leer m\u00e1s<\/a><\/p>\n","protected":false},"author":2,"featured_media":12231,"comment_status":"closed","ping_status":"closed","sticky":false,"template":"","format":"standard","meta":{"footnotes":""},"categories":[1],"tags":[],"class_list":["post-12230","post","type-post","status-publish","format-standard","has-post-thumbnail","hentry","category-cronica"],"_links":{"self":[{"href":"https:\/\/www.radiopresidenteibanez.cl\/web\/wp-json\/wp\/v2\/posts\/12230","targetHints":{"allow":["GET"]}}],"collection":[{"href":"https:\/\/www.radiopresidenteibanez.cl\/web\/wp-json\/wp\/v2\/posts"}],"about":[{"href":"https:\/\/www.radiopresidenteibanez.cl\/web\/wp-json\/wp\/v2\/types\/post"}],"author":[{"embeddable":true,"href":"https:\/\/www.radiopresidenteibanez.cl\/web\/wp-json\/wp\/v2\/users\/2"}],"replies":[{"embeddable":true,"href":"https:\/\/www.radiopresidenteibanez.cl\/web\/wp-json\/wp\/v2\/comments?post=12230"}],"version-history":[{"count":0,"href":"https:\/\/www.radiopresidenteibanez.cl\/web\/wp-json\/wp\/v2\/posts\/12230\/revisions"}],"wp:featuredmedia":[{"embeddable":true,"href":"https:\/\/www.radiopresidenteibanez.cl\/web\/wp-json\/wp\/v2\/media\/12231"}],"wp:attachment":[{"href":"https:\/\/www.radiopresidenteibanez.cl\/web\/wp-json\/wp\/v2\/media?parent=12230"}],"wp:term":[{"taxonomy":"category","embeddable":true,"href":"https:\/\/www.radiopresidenteibanez.cl\/web\/wp-json\/wp\/v2\/categories?post=12230"},{"taxonomy":"post_tag","embeddable":true,"href":"https:\/\/www.radiopresidenteibanez.cl\/web\/wp-json\/wp\/v2\/tags?post=12230"}],"curies":[{"name":"wp","href":"https:\/\/api.w.org\/{rel}","templated":true}]}}