{"id":12225,"date":"2020-05-27T15:12:15","date_gmt":"2020-05-27T15:12:15","guid":{"rendered":"https:\/\/www.radiopresidenteibanez.cl\/web\/?p=12225"},"modified":"2020-05-27T15:12:19","modified_gmt":"2020-05-27T15:12:19","slug":"hombre-fue-encontrado-fallecido-en-la-via-publica-en-punta-arenas","status":"publish","type":"post","link":"https:\/\/www.radiopresidenteibanez.cl\/web\/hombre-fue-encontrado-fallecido-en-la-via-publica-en-punta-arenas\/","title":{"rendered":"HOMBRE FUE ENCONTRADO FALLECIDO EN LA V\u00cdA P\u00daBLICA EN PUNTA ARENAS"},"content":{"rendered":"\n<p>Hasta las calles Lord Thomas Cochrane con Jos\u00e9 Victorino\nLastarria, se debi\u00f3 trasladar personal de Carabineros, quienes fueron alertados\npor la presencia de un hombre que se encontraba fallecido en el lugar.<\/p>\n\n\n\n<p>Hasta el momento se desconocen mayores detalles, en primera\ninstancia se manifest\u00f3 que se tratar\u00eda de una persona en situaci\u00f3n de calle.<\/p>\n\n\n\n<p>Al lugar tambi\u00e9n se dirigi\u00f3 el fiscal de turno, quien dio a conocer los procedimientos a seguir.<\/p>\n\n\n\n<p><\/p>\n\n\n\n<p>CHH.<\/p>\n","protected":false},"excerpt":{"rendered":"<p>Hasta las calles Lord Thomas Cochrane con Jos\u00e9 Victorino Lastarria, se debi\u00f3 trasladar personal de Carabineros, quienes fueron alertados por la presencia de un hombre que se encontraba fallecido en&#8230; <a class=\"read-more\" href=\"https:\/\/www.radiopresidenteibanez.cl\/web\/hombre-fue-encontrado-fallecido-en-la-via-publica-en-punta-arenas\/\">Leer m\u00e1s<\/a><\/p>\n","protected":false},"author":2,"featured_media":1617,"comment_status":"closed","ping_status":"closed","sticky":false,"template":"","format":"standard","meta":{"footnotes":""},"categories":[1],"tags":[],"class_list":["post-12225","post","type-post","status-publish","format-standard","has-post-thumbnail","hentry","category-cronica"],"_links":{"self":[{"href":"https:\/\/www.radiopresidenteibanez.cl\/web\/wp-json\/wp\/v2\/posts\/12225","targetHints":{"allow":["GET"]}}],"collection":[{"href":"https:\/\/www.radiopresidenteibanez.cl\/web\/wp-json\/wp\/v2\/posts"}],"about":[{"href":"https:\/\/www.radiopresidenteibanez.cl\/web\/wp-json\/wp\/v2\/types\/post"}],"author":[{"embeddable":true,"href":"https:\/\/www.radiopresidenteibanez.cl\/web\/wp-json\/wp\/v2\/users\/2"}],"replies":[{"embeddable":true,"href":"https:\/\/www.radiopresidenteibanez.cl\/web\/wp-json\/wp\/v2\/comments?post=12225"}],"version-history":[{"count":0,"href":"https:\/\/www.radiopresidenteibanez.cl\/web\/wp-json\/wp\/v2\/posts\/12225\/revisions"}],"wp:featuredmedia":[{"embeddable":true,"href":"https:\/\/www.radiopresidenteibanez.cl\/web\/wp-json\/wp\/v2\/media\/1617"}],"wp:attachment":[{"href":"https:\/\/www.radiopresidenteibanez.cl\/web\/wp-json\/wp\/v2\/media?parent=12225"}],"wp:term":[{"taxonomy":"category","embeddable":true,"href":"https:\/\/www.radiopresidenteibanez.cl\/web\/wp-json\/wp\/v2\/categories?post=12225"},{"taxonomy":"post_tag","embeddable":true,"href":"https:\/\/www.radiopresidenteibanez.cl\/web\/wp-json\/wp\/v2\/tags?post=12225"}],"curies":[{"name":"wp","href":"https:\/\/api.w.org\/{rel}","templated":true}]}}