{"id":12222,"date":"2020-05-27T14:56:40","date_gmt":"2020-05-27T14:56:40","guid":{"rendered":"https:\/\/www.radiopresidenteibanez.cl\/web\/?p=12222"},"modified":"2020-05-27T15:40:50","modified_gmt":"2020-05-27T15:40:50","slug":"dos-lesionados-en-volcamiento-en-el-km-113-de-la-ruta-9-norte","status":"publish","type":"post","link":"https:\/\/www.radiopresidenteibanez.cl\/web\/dos-lesionados-en-volcamiento-en-el-km-113-de-la-ruta-9-norte\/","title":{"rendered":"DOS LESIONADOS EN VOLCAMIENTO EN EL KM. 113 DE LA RUTA 9 NORTE"},"content":{"rendered":"\n<p>Hasta el sector del kilometro 113 de la ruta 9 norte, se\ndebi\u00f3 trasladar voluntarios de Bomberos de la 1ra y 9na Compa\u00f1\u00eda, quienes\ntrabajaron en la atenci\u00f3n de pasajeros de un minib\u00fas Jac modelo Sunray, patente\nKL KS-54, que volc\u00f3 en el lugar.<\/p>\n\n\n\n<p>Lo anterior se provoc\u00f3 luego de que el conductor perdiera\ndel control del m\u00f3vil debido a la escarcha existente en el lugar, dos personas\nresultaron lesionadas de car\u00e1cter leves, ambos fueron trasladados hasta las dependencias\ndel Hospital Cl\u00ednico de Magallanes por personal del Samu.<\/p>\n\n\n\n<p>Carabineros de Villa Tehuelches adopt\u00f3 el procedimiento de rigor en estos casos.<\/p>\n\n\n\n<p><\/p>\n\n\n\n<p>CHH  \/  Fotos: 9na Compa\u00f1\u00eda de Bomberos Laguna Blanca.<\/p>\n","protected":false},"excerpt":{"rendered":"<p>Hasta el sector del kilometro 113 de la ruta 9 norte, se debi\u00f3 trasladar voluntarios de Bomberos de la 1ra y 9na Compa\u00f1\u00eda, quienes trabajaron en la atenci\u00f3n de pasajeros&#8230; <a class=\"read-more\" href=\"https:\/\/www.radiopresidenteibanez.cl\/web\/dos-lesionados-en-volcamiento-en-el-km-113-de-la-ruta-9-norte\/\">Leer m\u00e1s<\/a><\/p>\n","protected":false},"author":2,"featured_media":12228,"comment_status":"closed","ping_status":"closed","sticky":false,"template":"","format":"standard","meta":{"footnotes":""},"categories":[1],"tags":[],"class_list":["post-12222","post","type-post","status-publish","format-standard","has-post-thumbnail","hentry","category-cronica"],"_links":{"self":[{"href":"https:\/\/www.radiopresidenteibanez.cl\/web\/wp-json\/wp\/v2\/posts\/12222","targetHints":{"allow":["GET"]}}],"collection":[{"href":"https:\/\/www.radiopresidenteibanez.cl\/web\/wp-json\/wp\/v2\/posts"}],"about":[{"href":"https:\/\/www.radiopresidenteibanez.cl\/web\/wp-json\/wp\/v2\/types\/post"}],"author":[{"embeddable":true,"href":"https:\/\/www.radiopresidenteibanez.cl\/web\/wp-json\/wp\/v2\/users\/2"}],"replies":[{"embeddable":true,"href":"https:\/\/www.radiopresidenteibanez.cl\/web\/wp-json\/wp\/v2\/comments?post=12222"}],"version-history":[{"count":0,"href":"https:\/\/www.radiopresidenteibanez.cl\/web\/wp-json\/wp\/v2\/posts\/12222\/revisions"}],"wp:featuredmedia":[{"embeddable":true,"href":"https:\/\/www.radiopresidenteibanez.cl\/web\/wp-json\/wp\/v2\/media\/12228"}],"wp:attachment":[{"href":"https:\/\/www.radiopresidenteibanez.cl\/web\/wp-json\/wp\/v2\/media?parent=12222"}],"wp:term":[{"taxonomy":"category","embeddable":true,"href":"https:\/\/www.radiopresidenteibanez.cl\/web\/wp-json\/wp\/v2\/categories?post=12222"},{"taxonomy":"post_tag","embeddable":true,"href":"https:\/\/www.radiopresidenteibanez.cl\/web\/wp-json\/wp\/v2\/tags?post=12222"}],"curies":[{"name":"wp","href":"https:\/\/api.w.org\/{rel}","templated":true}]}}