{"id":12219,"date":"2020-05-27T14:02:06","date_gmt":"2020-05-27T14:02:06","guid":{"rendered":"https:\/\/www.radiopresidenteibanez.cl\/web\/?p=12219"},"modified":"2020-05-27T14:02:10","modified_gmt":"2020-05-27T14:02:10","slug":"sercotec-magallanes-lanza-programa-reactivate-para-apoyar-a-las-mipes-afectadas-por-la-pandemia","status":"publish","type":"post","link":"https:\/\/www.radiopresidenteibanez.cl\/web\/sercotec-magallanes-lanza-programa-reactivate-para-apoyar-a-las-mipes-afectadas-por-la-pandemia\/","title":{"rendered":"SERCOTEC MAGALLANES LANZA PROGRAMA REACT\u00cdVATE PARA APOYAR A LAS MIPES AFECTADAS POR LA PANDEMIA"},"content":{"rendered":"\n<p>Sercotec Magallanes <strong>dio inicio este martes a la convocatoria\ndel programa React\u00edvate, que entrega un subsidio de hasta $3.000.000 a las\nmipes,<\/strong> para apoyarlas con capital de trabajo, brind\u00e1ndoles as\u00ed liquidez\npara sortear los efectos econ\u00f3micos de la emergencia sanitaria actual.<\/p>\n\n\n\n<p>El programa, que tendr\u00e1 abierta\nsu <strong>convocatoria hasta el 2 de junio,\nfinancia: sueldos, arriendos, mercader\u00eda, pago de servicios b\u00e1sicos.<\/strong>\nAdem\u00e1s, es un gran apoyo para subsidiar la incorporaci\u00f3n de herramientas\ntecnol\u00f3gicas en la digitalizaci\u00f3n de la empresa, as\u00ed como gastos de promoci\u00f3n o\ndifusi\u00f3n. Tambi\u00e9n, entrega recursos para aquellos que quieran reemprender con\nnuevas l\u00edneas de negocios para hacerle frente a esta crisis. <\/p>\n\n\n\n<p>En este sentido, el <strong>Intendente Regional de Magallanes, Jos\u00e9\nFern\u00e1ndez D\u00fcbrock,<\/strong> realiz\u00f3 una invitaci\u00f3n para que todos los micro y\npeque\u00f1os empresarios de la Regi\u00f3n postulen a este programa. \u201cHago un llamado a\nlos empresarios de las pymes regionales para que se interioricen de este\nprograma que tiene Sercotec y que postulen. Las postulaciones son a partir\ndesde el d\u00eda de hoy hasta el 2 de junio. Tambi\u00e9n pueden interiorizarse m\u00e1s al\nrespecto, si entran en la p\u00e1gina web de Sercotec <a href=\"http:\/\/www.sercotec.cl\">www.sercotec.cl<\/a> o dirigi\u00e9ndose a las oficinas\nde Sercotec ac\u00e1 en el edificio Libertador. As\u00ed que no dejen pasar esta\noportunidad. Es una ayuda que el Gobierno les est\u00e1 ofreciendo para poder\nreactivarse y poder volver a ponerse en pie las micro y peque\u00f1as empresas que\nlo han estado pasando mal todo este tiempo\u201d afirm\u00f3.<\/p>\n\n\n\n<p>Por su parte, la <strong>Seremi de Econom\u00eda, Natalia Easton Cortesi<\/strong>,\nmanifest\u00f3 que \u201clas pymes son el motor de nuestra econom\u00eda y el coraz\u00f3n de Chile\ny es por eso que como Ministerio de Econom\u00eda junto a Sercotec hoy lanzamos este\nfondo React\u00edvate 2 con el objetivo de poder inyectarle ox\u00edgeno a trav\u00e9s de\ncapital de trabajo a todas esas micro y peque\u00f1as empresas que se han visto\ntremendamente afectadas por la pandemia y que hoy necesitan este apoyo para\npoder sacar adelante sus sue\u00f1os que han implementado a trav\u00e9s de sus negocios.\nLa invitaci\u00f3n es a postular a partir del d\u00eda de hoy hasta el 2 de junio a\ntrav\u00e9s de www.sercotec.cl\u201d.<\/p>\n\n\n\n<p>Con respecto a los detalles del\nprograma, el <strong>Director (s) Nacional de\nSercotec, Bruno Trisotti, explic\u00f3<\/strong> \u201cquienes postulen podr\u00e1n acceder a un\nsubsidio de hasta $3.000.000 para capital de trabajo y activos fijos. En tanto,\ncuando los proyectos est\u00e9n enfocados en la digitalizaci\u00f3n de la empresa, es\ndecir, cuando el proyecto de inversi\u00f3n considere a lo menos un 30% de gastos en\nherramientas tecnol\u00f3gicas para la digitalizaci\u00f3n de la empresa, el tope de\ncofinanciamiento podr\u00e1 elevarse hasta $4.000.000 definido en el Plan de\nInversiones\u201d.<\/p>\n\n\n\n<p>A su vez, la Directora Regional\nde Sercotec, Mar\u00eda Soledad Solo de Zald\u00edvar, se\u00f1al\u00f3 \u201cconocemos a las pymes y\nsabemos que lo que necesitan hoy es liquidez y para esto podr\u00e1 pagar arriendos,\nsueldos, mercader\u00eda, materias primas y tambi\u00e9n consumos b\u00e1sicos que est\u00e9n a\nnombres de sus empresas y tambi\u00e9n los pagos podr\u00e1n ser retroactivos desde el 20\nde marzo del presente a\u00f1o. En el React\u00edvate 2 tenemos m\u00e1s de 160 millones de\npesos para ir en ayuda de las micro y peque\u00f1as empresas de nuestra Regi\u00f3n. Para\npostular debes ingresar a nuestra p\u00e1gina web www.sercotec.cl y para mayor\ninformaci\u00f3n puedes llamarnos al 232425000 anexo 12 (Punto Mipe)\u201d.<\/p>\n\n\n\n<p>La postulaci\u00f3n es a trav\u00e9s de la\np\u00e1gina web <a href=\"http:\/\/www.sercotec.cl\">www.sercotec.cl<\/a>\n<strong>desde el 26 de mayo a partir de las\n12:00 hrs, hasta el 02 de junio de 2020 a las 12:00 horas. <\/strong><\/p>\n\n\n\n<p>Cabe se\u00f1alar que Sercotec Magallanes ya entreg\u00f3 m\u00e1s de 300\nmillones de pesos a trav\u00e9s del programa React\u00edvate a micro y peque\u00f1os\nempresarios que hab\u00edan visto afectadas sus ventas durante los primeros meses\ndel a\u00f1o. <\/p>\n","protected":false},"excerpt":{"rendered":"<p>Sercotec Magallanes dio inicio este martes a la convocatoria del programa React\u00edvate, que entrega un subsidio de hasta $3.000.000 a las mipes, para apoyarlas con capital de trabajo, brind\u00e1ndoles as\u00ed&#8230; <a class=\"read-more\" href=\"https:\/\/www.radiopresidenteibanez.cl\/web\/sercotec-magallanes-lanza-programa-reactivate-para-apoyar-a-las-mipes-afectadas-por-la-pandemia\/\">Leer m\u00e1s<\/a><\/p>\n","protected":false},"author":2,"featured_media":12220,"comment_status":"closed","ping_status":"closed","sticky":false,"template":"","format":"standard","meta":{"footnotes":""},"categories":[1],"tags":[],"class_list":["post-12219","post","type-post","status-publish","format-standard","has-post-thumbnail","hentry","category-cronica"],"_links":{"self":[{"href":"https:\/\/www.radiopresidenteibanez.cl\/web\/wp-json\/wp\/v2\/posts\/12219","targetHints":{"allow":["GET"]}}],"collection":[{"href":"https:\/\/www.radiopresidenteibanez.cl\/web\/wp-json\/wp\/v2\/posts"}],"about":[{"href":"https:\/\/www.radiopresidenteibanez.cl\/web\/wp-json\/wp\/v2\/types\/post"}],"author":[{"embeddable":true,"href":"https:\/\/www.radiopresidenteibanez.cl\/web\/wp-json\/wp\/v2\/users\/2"}],"replies":[{"embeddable":true,"href":"https:\/\/www.radiopresidenteibanez.cl\/web\/wp-json\/wp\/v2\/comments?post=12219"}],"version-history":[{"count":0,"href":"https:\/\/www.radiopresidenteibanez.cl\/web\/wp-json\/wp\/v2\/posts\/12219\/revisions"}],"wp:featuredmedia":[{"embeddable":true,"href":"https:\/\/www.radiopresidenteibanez.cl\/web\/wp-json\/wp\/v2\/media\/12220"}],"wp:attachment":[{"href":"https:\/\/www.radiopresidenteibanez.cl\/web\/wp-json\/wp\/v2\/media?parent=12219"}],"wp:term":[{"taxonomy":"category","embeddable":true,"href":"https:\/\/www.radiopresidenteibanez.cl\/web\/wp-json\/wp\/v2\/categories?post=12219"},{"taxonomy":"post_tag","embeddable":true,"href":"https:\/\/www.radiopresidenteibanez.cl\/web\/wp-json\/wp\/v2\/tags?post=12219"}],"curies":[{"name":"wp","href":"https:\/\/api.w.org\/{rel}","templated":true}]}}