{"id":12216,"date":"2020-05-27T13:58:41","date_gmt":"2020-05-27T13:58:41","guid":{"rendered":"https:\/\/www.radiopresidenteibanez.cl\/web\/?p=12216"},"modified":"2020-05-27T13:58:45","modified_gmt":"2020-05-27T13:58:45","slug":"consejero-ramon-lobos-por-nuevo-equipamiento-medico-no-es-solo-infraestructura-sino-que-una-apuesta-para-el-futuro","status":"publish","type":"post","link":"https:\/\/www.radiopresidenteibanez.cl\/web\/consejero-ramon-lobos-por-nuevo-equipamiento-medico-no-es-solo-infraestructura-sino-que-una-apuesta-para-el-futuro\/","title":{"rendered":"CONSEJERO RAM\u00d3N LOBOS POR NUEVO EQUIPAMIENTO M\u00c9DICO: \u201cNO ES S\u00d3LO INFRAESTRUCTURA, SINO QUE UNA APUESTA PARA EL FUTURO\u201d"},"content":{"rendered":"\n<p>El m\u00e9dico y presidente de la comisi\u00f3n de Presupuesto y\nFomento Regional y vicepresidente de la Comisi\u00f3n de Infraestructura del Consejo\nRegional, Ram\u00f3n Lobos V\u00e1squez, represent\u00f3 al Cuerpo Colegiado en la ceremonia\nde entrega de diversos equipos cl\u00ednicos, entregados a trav\u00e9s del proyecto\n\u201cAdquisici\u00f3n de equipos e insumos COVID_19 del Servicio de Salud Magallanes\u201d,\nfinanciado por el Consejo Regional de Magallanes y Ant\u00e1rtica Chilena.<\/p>\n\n\n\n<p>La iniciativa consider\u00f3 una inversi\u00f3n que super\u00f3 los $3.200\nmillones, 1.700 de los cuales fueron destinados para adquisici\u00f3n de equipos en\nhospitales, mientras que los 1.200 restantes, a la compra de elementos de\nprotecci\u00f3n personal para funcionarios de establecimientos de atenci\u00f3n primaria,\nhospitales y SAMU.<\/p>\n\n\n\n<p>\u201cHay que destacar que tal como lo comprometi\u00f3 el director\ndel Servicio de Salud, est\u00e1n llegando los equipos respectivos, adem\u00e1s de los\nelementos de protecci\u00f3n personal para la protecci\u00f3n de los funcionarios durante\nlos pr\u00f3ximos meses. El tener un convenio de colaboraci\u00f3n suscrito entre el\nGobierno Regional y el Servicio de Salud Magallanes ha permitido traspasar\nfondos con este sentido de una manera mucho m\u00e1s expedita, lo cual sin duda ha\nsido muy \u00fatil en la situaci\u00f3n de emergencia en que nos encontramos\u201d, afirm\u00f3 el\npresidente de la Comisi\u00f3n de Infraestructura del Core.<\/p>\n\n\n\n<p>Por otro lado, Lobos destac\u00f3 que estos equipos tambi\u00e9n\npueden ser vistos como una apuesta para el futuro. \u201cLo importante es que no se\ntrata s\u00f3lo de infraestructura, sino de una apuesta a futuro, ya que gracias a\neste equipamiento podemos pensar en capacitaci\u00f3n y en formaci\u00f3n de recursos\nhumanos, pensando en las necesidades espec\u00edficas de la regi\u00f3n\u201d, indic\u00f3.<\/p>\n\n\n\n<p>A trav\u00e9s de las distintas utilidades, el traspaso de estos recursos permitir\u00e1 beneficiar a toda la comunidad magall\u00e1nica, ya que la adquisici\u00f3n de equipos est\u00e1 pensada principalmente en salir de la actual situaci\u00f3n de emergencia y en poder cuidar a todos los vecinos de la regi\u00f3n.<\/p>\n\n\n\n<p>imagen: Joel Estay<\/p>\n","protected":false},"excerpt":{"rendered":"<p>El m\u00e9dico y presidente de la comisi\u00f3n de Presupuesto y Fomento Regional y vicepresidente de la Comisi\u00f3n de Infraestructura del Consejo Regional, Ram\u00f3n Lobos V\u00e1squez, represent\u00f3 al Cuerpo Colegiado en&#8230; <a class=\"read-more\" href=\"https:\/\/www.radiopresidenteibanez.cl\/web\/consejero-ramon-lobos-por-nuevo-equipamiento-medico-no-es-solo-infraestructura-sino-que-una-apuesta-para-el-futuro\/\">Leer m\u00e1s<\/a><\/p>\n","protected":false},"author":2,"featured_media":12217,"comment_status":"closed","ping_status":"closed","sticky":false,"template":"","format":"standard","meta":{"footnotes":""},"categories":[1],"tags":[],"class_list":["post-12216","post","type-post","status-publish","format-standard","has-post-thumbnail","hentry","category-cronica"],"_links":{"self":[{"href":"https:\/\/www.radiopresidenteibanez.cl\/web\/wp-json\/wp\/v2\/posts\/12216","targetHints":{"allow":["GET"]}}],"collection":[{"href":"https:\/\/www.radiopresidenteibanez.cl\/web\/wp-json\/wp\/v2\/posts"}],"about":[{"href":"https:\/\/www.radiopresidenteibanez.cl\/web\/wp-json\/wp\/v2\/types\/post"}],"author":[{"embeddable":true,"href":"https:\/\/www.radiopresidenteibanez.cl\/web\/wp-json\/wp\/v2\/users\/2"}],"replies":[{"embeddable":true,"href":"https:\/\/www.radiopresidenteibanez.cl\/web\/wp-json\/wp\/v2\/comments?post=12216"}],"version-history":[{"count":0,"href":"https:\/\/www.radiopresidenteibanez.cl\/web\/wp-json\/wp\/v2\/posts\/12216\/revisions"}],"wp:featuredmedia":[{"embeddable":true,"href":"https:\/\/www.radiopresidenteibanez.cl\/web\/wp-json\/wp\/v2\/media\/12217"}],"wp:attachment":[{"href":"https:\/\/www.radiopresidenteibanez.cl\/web\/wp-json\/wp\/v2\/media?parent=12216"}],"wp:term":[{"taxonomy":"category","embeddable":true,"href":"https:\/\/www.radiopresidenteibanez.cl\/web\/wp-json\/wp\/v2\/categories?post=12216"},{"taxonomy":"post_tag","embeddable":true,"href":"https:\/\/www.radiopresidenteibanez.cl\/web\/wp-json\/wp\/v2\/tags?post=12216"}],"curies":[{"name":"wp","href":"https:\/\/api.w.org\/{rel}","templated":true}]}}