{"id":12214,"date":"2020-05-27T13:53:33","date_gmt":"2020-05-27T13:53:33","guid":{"rendered":"https:\/\/www.radiopresidenteibanez.cl\/web\/?p=12214"},"modified":"2020-05-27T13:53:37","modified_gmt":"2020-05-27T13:53:37","slug":"hasta-octubre-se-extendera-vigencia-de-subsidios-familiares-con-vencimiento-entre-abril-y-junio","status":"publish","type":"post","link":"https:\/\/www.radiopresidenteibanez.cl\/web\/hasta-octubre-se-extendera-vigencia-de-subsidios-familiares-con-vencimiento-entre-abril-y-junio\/","title":{"rendered":"HASTA OCTUBRE SE EXTENDER\u00c1 VIGENCIA DE SUBSIDIOS FAMILIARES CON VENCIMIENTO ENTRE ABRIL Y JUNIO"},"content":{"rendered":"\n<p>Todos los subsidios familiares con vencimiento en los meses\nde abril, mayo y junio de este a\u00f1o se renuevan autom\u00e1ticamente hasta el 30 de\noctubre de 2020.<\/p>\n\n\n\n<p>La medida fue instruida por la Superintendencia de Seguridad\nSocial (SUSESO), para disminuir el n\u00famero de tr\u00e1mites presenciales en\nmunicipios, dada la contingencia que nos afecta por el COVID-19.<\/p>\n\n\n\n<p>Por lo anterior, los pagos de estos subsidios, a cargo del\nInstituto de Previsi\u00f3n Social (IPS), se mantienen hasta el 30 de octubre de\n2020. Para despu\u00e9s continuar recibiendo el beneficio en noviembre, el tr\u00e1mite\nde postulaci\u00f3n deber\u00e1 hacerse el mes de septiembre, as\u00ed las personas no\nperder\u00e1n la continuidad del beneficio.<\/p>\n\n\n\n<p>\u201cJunto con el Instituto de Previsi\u00f3n Social (IPS) estamos\ndando a conocer esta buena noticia relacionada con la extensi\u00f3n hasta octubre\nde la vigencia de los Subsidios Familiares que venc\u00edan en los meses de abril,\nmayo y junio de este a\u00f1o, los cuales se extender\u00e1n autom\u00e1ticamente hasta el 30\nde octubre, por lo que las personas no tendr\u00e1n que acudir a los municipios\ndurante estos meses para hacer esa renovaci\u00f3n. Se trata de una nueva medida del\ngobierno del Presidente Sebasti\u00e1n Pi\u00f1era que busca reducir la cantidad de\ntr\u00e1mites presenciales de las personas a fin de evitar los contagios dada la\ncrisis sanitaria por Covid-19 que nos afecta\u201d, indic\u00f3 la seremi del Trabajo y\nPrevisi\u00f3n Social, Victoria Cort\u00e9s Schiattino.<\/p>\n\n\n\n<p>Por su parte, el director regional del IPS, Eduardo Barahona\nKompatzki, expres\u00f3 que \u201cdurante estos meses de emergencia sanitaria hemos\nintentado tomar todas las medidas posibles, enfocadas principalmente en el\ncuidado de los adultos mayores, que es el grupo de la poblaci\u00f3n que m\u00e1s riesgo\ntiene de contraer el Covid-19. Y la postergaci\u00f3n de estos subsidios desde la\nSuperintendencia de Seguridad Social tambi\u00e9n est\u00e1 pensada en que ellos se\npuedan cuidar y evitar exponerse al contagio\u201d.<\/p>\n\n\n\n<p>Qu\u00e9 es el Subsidio Familiar<\/p>\n\n\n\n<p>Es un beneficio que entrega el Estado, por medio de los\nmunicipios, a las personas o grupos familiares m\u00e1s vulnerables que no perciben\ningresos y no pueden hacerse cargo del sustento econ\u00f3mico de quienes viven a\nsus expensas, como los hijos.<\/p>\n\n\n\n<p>El Subsidio Familiar tiene una vigencia de 36 meses. En caso\nde suspensi\u00f3n o extinci\u00f3n, se puede volver a solicitar en la municipalidad m\u00e1s\ncercana al domicilio, en la medida que se cumplan los requisitos legales.<\/p>\n\n\n\n<p>Para m\u00e1s informaci\u00f3n, se puede ingresar a www.ips.gob.cl o\nwww.chileatiende.cl.&nbsp; Tambi\u00e9n est\u00e1n\ndisponibles para consultas las redes sociales ChileAtiende en Facebook, Twitter\ne Instagram y el Call Center 101.<\/p>\n\n\n\n<p>Si ya me suspendieron el Subsidio por vencimiento en abril o\nmayo, \u00bfqu\u00e9 pasar\u00e1?<\/p>\n\n\n\n<p>Siempre que no hayan sido extinguidos o suspendidos por otra\ncausa, esos subsidios se pagar\u00e1n en junio, incluyendo los pagos retroactivos\nque correspondan.<\/p>\n\n\n\n<p>Si mi Subsidio venci\u00f3 durante estos meses, pero alcanc\u00e9 a\nrenovarlo en el municipio, \u00bftambi\u00e9n vencer\u00e1 en octubre nuevamente?<\/p>\n\n\n\n<p>Si una persona pudo renovar el subsidio antes de esta medida\nde extensi\u00f3n, y esa postulaci\u00f3n fue aprobada, el beneficio no vencer\u00e1 en\noctubre, sino que prevalecer\u00e1 la vigencia regular de 36 meses. Las personas que\nest\u00e1n en esta situaci\u00f3n no tienen que hacer ning\u00fan otro tr\u00e1mite.<\/p>\n","protected":false},"excerpt":{"rendered":"<p>Todos los subsidios familiares con vencimiento en los meses de abril, mayo y junio de este a\u00f1o se renuevan autom\u00e1ticamente hasta el 30 de octubre de 2020. La medida fue&#8230; <a class=\"read-more\" href=\"https:\/\/www.radiopresidenteibanez.cl\/web\/hasta-octubre-se-extendera-vigencia-de-subsidios-familiares-con-vencimiento-entre-abril-y-junio\/\">Leer m\u00e1s<\/a><\/p>\n","protected":false},"author":2,"featured_media":9195,"comment_status":"closed","ping_status":"closed","sticky":false,"template":"","format":"standard","meta":{"footnotes":""},"categories":[1],"tags":[],"class_list":["post-12214","post","type-post","status-publish","format-standard","has-post-thumbnail","hentry","category-cronica"],"_links":{"self":[{"href":"https:\/\/www.radiopresidenteibanez.cl\/web\/wp-json\/wp\/v2\/posts\/12214","targetHints":{"allow":["GET"]}}],"collection":[{"href":"https:\/\/www.radiopresidenteibanez.cl\/web\/wp-json\/wp\/v2\/posts"}],"about":[{"href":"https:\/\/www.radiopresidenteibanez.cl\/web\/wp-json\/wp\/v2\/types\/post"}],"author":[{"embeddable":true,"href":"https:\/\/www.radiopresidenteibanez.cl\/web\/wp-json\/wp\/v2\/users\/2"}],"replies":[{"embeddable":true,"href":"https:\/\/www.radiopresidenteibanez.cl\/web\/wp-json\/wp\/v2\/comments?post=12214"}],"version-history":[{"count":0,"href":"https:\/\/www.radiopresidenteibanez.cl\/web\/wp-json\/wp\/v2\/posts\/12214\/revisions"}],"wp:featuredmedia":[{"embeddable":true,"href":"https:\/\/www.radiopresidenteibanez.cl\/web\/wp-json\/wp\/v2\/media\/9195"}],"wp:attachment":[{"href":"https:\/\/www.radiopresidenteibanez.cl\/web\/wp-json\/wp\/v2\/media?parent=12214"}],"wp:term":[{"taxonomy":"category","embeddable":true,"href":"https:\/\/www.radiopresidenteibanez.cl\/web\/wp-json\/wp\/v2\/categories?post=12214"},{"taxonomy":"post_tag","embeddable":true,"href":"https:\/\/www.radiopresidenteibanez.cl\/web\/wp-json\/wp\/v2\/tags?post=12214"}],"curies":[{"name":"wp","href":"https:\/\/api.w.org\/{rel}","templated":true}]}}