{"id":12211,"date":"2020-05-27T13:50:05","date_gmt":"2020-05-27T13:50:05","guid":{"rendered":"https:\/\/www.radiopresidenteibanez.cl\/web\/?p=12211"},"modified":"2020-05-27T13:50:09","modified_gmt":"2020-05-27T13:50:09","slug":"mas-de-7-mil-trabajadores-se-han-acogido-a-ley-de-proteccion-del-empleo-en-magallanes","status":"publish","type":"post","link":"https:\/\/www.radiopresidenteibanez.cl\/web\/mas-de-7-mil-trabajadores-se-han-acogido-a-ley-de-proteccion-del-empleo-en-magallanes\/","title":{"rendered":"M\u00c1S DE 7 MIL TRABAJADORES SE HAN ACOGIDO A LEY DE PROTECCI\u00d3N DEL EMPLEO EN MAGALLANES"},"content":{"rendered":"\n<p>Tras el balance de la\nley de protecci\u00f3n del empleo emitido esta ma\u00f1ana a nivel central, la Seremi del\nTrabajo y Previsi\u00f3n Social, Victoria Cort\u00e9s Schiattino, dio a conocer algunos\ndatos regionales sobre el uso de la normativa que, a casi dos meses de su\nentrada en vigencia, al 22 de mayo, ha otorgado cobertura a m\u00e1s de 7 mil\ntrabajadores en Magallanes.<\/p>\n\n\n\n<p>As\u00ed lo inform\u00f3 Cort\u00e9s,\nluego de la actualizaci\u00f3n de cifras hecha por el Ministerio del Trabajo y\nPrevisi\u00f3n Social a nivel nacional. \u201cEfectivamente, el d\u00eda de hoy conocimos un\nnuevo informe emitido por nuestra ministra, Mar\u00eda Jos\u00e9 Zald\u00edvar, relacionado\ncon el uso de la ley de protecci\u00f3n del empleo, que incorpor\u00f3 a las cifras\nanteriores los datos recogidos entre el 18 y el 22 de mayo en el que, a nivel\npa\u00eds, ya son m\u00e1s de 92 mil las empresas acogidas a la normativa, lo que\nrepresenta a m\u00e1s de 555 mil trabajadores con solicitudes aprobadas que estar\u00edan\nrecibiendo los beneficios de esta ley\u201d.<\/p>\n\n\n\n<p>A ellos se agregan las\nempresas y trabajadores que han optado por la reducci\u00f3n temporal de jornada\nlaboral. Seg\u00fan los datos entregados, alcanzan a un total de 4.367 empresas que\nhan firmado acuerdo con 24.961 trabajadores a lo largo del pa\u00eds. Es decir, en\ntotal, cerca de 100 mil empresas han decidido mantener la relaci\u00f3n laboral de\ncerca de 600 mil trabajadores en medio de la crisis sanitaria, a trav\u00e9s de esta\niniciativa. <\/p>\n\n\n\n<p>\u201cEn lo que respecta a\nla regi\u00f3n, desde iniciada la ley y hasta el 22 de mayo reci\u00e9n pasado, el total\nde trabajadores acogidos a la ley de protecci\u00f3n del empleo, es de 7.062\npersonas, lo que representa el 1,3% del total a nivel nacional. En tanto, seg\u00fan\nlos mismos datos del ministerio, 496 trabajadores magall\u00e1nicos se encuentran\ncon reducci\u00f3n de jornada laboral, equivalente al 2% del total pa\u00eds. Por \u00faltimo,\nentre el 4 y el 22 de mayo se han aprobado 1.046 solicitudes de acceso al\nSeguro de Cesant\u00eda\u201d, a\u00f1adi\u00f3 la secretaria regional.<\/p>\n\n\n\n<p>Durante las \u00faltimas\nsemanas, ha existido una especial preocupaci\u00f3n por ir entregando informaci\u00f3n\nrelativa a la aplicaci\u00f3n de esta norma, lo que ha permitido conocer el alcance\nde la ley, atendiendo a los efectos sociales y laborales que ha dejado esta\ncrisis sanitaria en la regi\u00f3n y el pa\u00eds.<\/p>\n\n\n\n<p>\u201cEl panorama ha sido\nmuy complejo, por lo mismo, es importante contar con esta informaci\u00f3n y, por\nello, el gobierno del Presidente Sebasti\u00e1n Pi\u00f1era ha estado trabajando para que\nesta normativa se aplique de la mejor forma posible. Los datos dan cuenta de que\nesta iniciativa ha sido beneficiosa a la hora de evitar mayores despidos\nproducto de la pandemia. No obstante, esta medida se suma a otras del plan\necon\u00f3mico de emergencia, como el Bono Covid, el Ingreso Familiar de Emergencia\ny el apoyo con alimentos, que han permitido entregar protecci\u00f3n a las personas\nque se han visto m\u00e1s afectadas con la crisis\u201d, finaliz\u00f3 la autoridad laboral.<\/p>\n\n\n\n<p>De acuerdo al balance,\ndel total de suspensiones en la regi\u00f3n de Magallanes, 4.713 trabajadores se\nacogieron a suspensiones por acto de la autoridad, mientras que 2.350 lo\nhicieron por pacto de suspensi\u00f3n de contrato entre las partes.<\/p>\n\n\n\n<p>Por \u00faltimo, entre los\ndatos relevantes informados a nivel nacional se encuentra el detalle de los\nrubros con mayor cantidad de empresas acogidas a la ley de protecci\u00f3n del\nempleo. Entre ellas, los principales fueron: Comercio y reparaci\u00f3n de veh\u00edculos\nautomotores y motocicletas, con 132 mil trabajadores. Le sigue actividades de\nalojamiento y de servicio de comidas, con 108 mil personas y, en tercer lugar, Construcci\u00f3n,\ncon 96 mil trabajadores acogidos en el pa\u00eds.<\/p>\n","protected":false},"excerpt":{"rendered":"<p>Tras el balance de la ley de protecci\u00f3n del empleo emitido esta ma\u00f1ana a nivel central, la Seremi del Trabajo y Previsi\u00f3n Social, Victoria Cort\u00e9s Schiattino, dio a conocer algunos&#8230; <a class=\"read-more\" href=\"https:\/\/www.radiopresidenteibanez.cl\/web\/mas-de-7-mil-trabajadores-se-han-acogido-a-ley-de-proteccion-del-empleo-en-magallanes\/\">Leer m\u00e1s<\/a><\/p>\n","protected":false},"author":2,"featured_media":11286,"comment_status":"closed","ping_status":"closed","sticky":false,"template":"","format":"standard","meta":{"footnotes":""},"categories":[1],"tags":[],"class_list":["post-12211","post","type-post","status-publish","format-standard","has-post-thumbnail","hentry","category-cronica"],"_links":{"self":[{"href":"https:\/\/www.radiopresidenteibanez.cl\/web\/wp-json\/wp\/v2\/posts\/12211","targetHints":{"allow":["GET"]}}],"collection":[{"href":"https:\/\/www.radiopresidenteibanez.cl\/web\/wp-json\/wp\/v2\/posts"}],"about":[{"href":"https:\/\/www.radiopresidenteibanez.cl\/web\/wp-json\/wp\/v2\/types\/post"}],"author":[{"embeddable":true,"href":"https:\/\/www.radiopresidenteibanez.cl\/web\/wp-json\/wp\/v2\/users\/2"}],"replies":[{"embeddable":true,"href":"https:\/\/www.radiopresidenteibanez.cl\/web\/wp-json\/wp\/v2\/comments?post=12211"}],"version-history":[{"count":0,"href":"https:\/\/www.radiopresidenteibanez.cl\/web\/wp-json\/wp\/v2\/posts\/12211\/revisions"}],"wp:featuredmedia":[{"embeddable":true,"href":"https:\/\/www.radiopresidenteibanez.cl\/web\/wp-json\/wp\/v2\/media\/11286"}],"wp:attachment":[{"href":"https:\/\/www.radiopresidenteibanez.cl\/web\/wp-json\/wp\/v2\/media?parent=12211"}],"wp:term":[{"taxonomy":"category","embeddable":true,"href":"https:\/\/www.radiopresidenteibanez.cl\/web\/wp-json\/wp\/v2\/categories?post=12211"},{"taxonomy":"post_tag","embeddable":true,"href":"https:\/\/www.radiopresidenteibanez.cl\/web\/wp-json\/wp\/v2\/tags?post=12211"}],"curies":[{"name":"wp","href":"https:\/\/api.w.org\/{rel}","templated":true}]}}