{"id":12208,"date":"2020-05-27T13:46:16","date_gmt":"2020-05-27T13:46:16","guid":{"rendered":"https:\/\/www.radiopresidenteibanez.cl\/web\/?p=12208"},"modified":"2020-05-27T13:51:17","modified_gmt":"2020-05-27T13:51:17","slug":"consejo-regional-de-seguridad-publica-prioriza-delitos-contra-las-personas-y-de-drogas","status":"publish","type":"post","link":"https:\/\/www.radiopresidenteibanez.cl\/web\/consejo-regional-de-seguridad-publica-prioriza-delitos-contra-las-personas-y-de-drogas\/","title":{"rendered":"CONSEJO REGIONAL DE SEGURIDAD P\u00daBLICA PRIORIZA DELITOS CONTRA LAS PERSONAS Y DE DROGAS"},"content":{"rendered":"\n<p>La tarde de ayer se realiz\u00f3 el Consejo Regional de Seguridad,\ndonde se definieron cuatro delitos prioritarios para abordar durante el\npresente a\u00f1o, a trav\u00e9s del Plan Regional de Seguridad P\u00fablica. Se trata de\nInfracci\u00f3n a la Ley de Drogas, Lesiones menos graves, graves y grav\u00edsimas,\nViolencia Intrafamiliar y Abuso sexual y otros delitos sexuales.<\/p>\n\n\n\n<p>En la oportunidad, que fue presidida por el intendente Jos\u00e9\nFern\u00e1ndez D\u00fcbrock y con la secretar\u00eda ejecutiva de la coordinadora regional de\nSeguridad P\u00fablica, Jennifer Rojas, los consejeros coincidieron en la relevancia\nde abordar estos il\u00edcitos, y en que se presenta un desaf\u00edo para llegar a la\ncomunidad en un contexto de pandemia, donde la distancia social es prioritaria\ny las jornadas de traspaso de informaci\u00f3n y conocimientos se ve modificada.<\/p>\n\n\n\n<p>La coordinadora regional de Seguridad P\u00fablica, Jennifer\nRojas, explic\u00f3 que esta reuni\u00f3n se encuentra estipulada en la ley N\u00b0 20.502,\ndonde el objetivo es acordar acciones prioritarias para abordar los delitos que\nm\u00e1s preocupan a nivel regional. No obstante, la autoridad recalc\u00f3 que \u201cesto no\nsignifica que los delitos que no fueron priorizados no sean trabajados de\nmanera acuciosa, al contrario, a trav\u00e9s de los Consejos Comunales de Seguridad\nP\u00fablica, de las sesiones STOP de Carabineros, y de otras mesas de trabajo,\nsiempre estamos buscando estrategias para prevenir y controlar los diversos\nil\u00edcitos que se presentan a nivel regional\u201d, explic\u00f3 Rojas.<\/p>\n\n\n\n<p>Agreg\u00f3 que durante los meses precedentes, se han efectuado\ndiversas reuniones y acciones preventivas para reducir los il\u00edcitos en toda la\nregi\u00f3n, llegando a una baja de -33,9% en los Delitos de Mayor Connotaci\u00f3n\nSocial, al 10 de mayo. A su vez, record\u00f3 que durante el \u00faltimo trimestre del\na\u00f1o pasado la tarea principal fue el orden p\u00fablico, y que ahora con la pandemia\nde Coronavirus, las estrategias se han adaptado a este nuevo contexto social,\n\u201cpero lo relevante es que todas las instituciones hemos estado vinculadas,\ntrabajando bajo condiciones diferentes, pero haciendo todos los esfuerzos para\nllegar a la comunidad, a las v\u00edctimas de delitos, y a todos quienes de alguna\nmanera requieren de apoyo en Seguridad P\u00fablica\u201d, afirm\u00f3 la coordinadora\nJennifer Rojas.<\/p>\n\n\n\n<p>El Consejo Regional de Seguridad P\u00fablica est\u00e1 integrado por\n26 instituciones, que se relacionan con la prevenci\u00f3n de delito, la persecuci\u00f3n\npenal y el control, quienes comprometer\u00e1n acciones en el plan regional para\nabordar los il\u00edcitos priorizados en la mencionada sesi\u00f3n.<\/p>\n","protected":false},"excerpt":{"rendered":"<p>La tarde de ayer se realiz\u00f3 el Consejo Regional de Seguridad, donde se definieron cuatro delitos prioritarios para abordar durante el presente a\u00f1o, a trav\u00e9s del Plan Regional de Seguridad&#8230; <a class=\"read-more\" href=\"https:\/\/www.radiopresidenteibanez.cl\/web\/consejo-regional-de-seguridad-publica-prioriza-delitos-contra-las-personas-y-de-drogas\/\">Leer m\u00e1s<\/a><\/p>\n","protected":false},"author":2,"featured_media":12213,"comment_status":"closed","ping_status":"closed","sticky":false,"template":"","format":"standard","meta":{"footnotes":""},"categories":[1],"tags":[],"class_list":["post-12208","post","type-post","status-publish","format-standard","has-post-thumbnail","hentry","category-cronica"],"_links":{"self":[{"href":"https:\/\/www.radiopresidenteibanez.cl\/web\/wp-json\/wp\/v2\/posts\/12208","targetHints":{"allow":["GET"]}}],"collection":[{"href":"https:\/\/www.radiopresidenteibanez.cl\/web\/wp-json\/wp\/v2\/posts"}],"about":[{"href":"https:\/\/www.radiopresidenteibanez.cl\/web\/wp-json\/wp\/v2\/types\/post"}],"author":[{"embeddable":true,"href":"https:\/\/www.radiopresidenteibanez.cl\/web\/wp-json\/wp\/v2\/users\/2"}],"replies":[{"embeddable":true,"href":"https:\/\/www.radiopresidenteibanez.cl\/web\/wp-json\/wp\/v2\/comments?post=12208"}],"version-history":[{"count":0,"href":"https:\/\/www.radiopresidenteibanez.cl\/web\/wp-json\/wp\/v2\/posts\/12208\/revisions"}],"wp:featuredmedia":[{"embeddable":true,"href":"https:\/\/www.radiopresidenteibanez.cl\/web\/wp-json\/wp\/v2\/media\/12213"}],"wp:attachment":[{"href":"https:\/\/www.radiopresidenteibanez.cl\/web\/wp-json\/wp\/v2\/media?parent=12208"}],"wp:term":[{"taxonomy":"category","embeddable":true,"href":"https:\/\/www.radiopresidenteibanez.cl\/web\/wp-json\/wp\/v2\/categories?post=12208"},{"taxonomy":"post_tag","embeddable":true,"href":"https:\/\/www.radiopresidenteibanez.cl\/web\/wp-json\/wp\/v2\/tags?post=12208"}],"curies":[{"name":"wp","href":"https:\/\/api.w.org\/{rel}","templated":true}]}}