{"id":12206,"date":"2020-05-27T13:44:05","date_gmt":"2020-05-27T13:44:05","guid":{"rendered":"https:\/\/www.radiopresidenteibanez.cl\/web\/?p=12206"},"modified":"2020-05-27T13:44:09","modified_gmt":"2020-05-27T13:44:09","slug":"el-proyecto-fibra-optica-austral-sigue-su-curso-normal-cumpliendo-con-las-fechas-establecidas-ante-la-licitacion-senalo-marcos-mella-seremi-de-transporte-y-telecomunicaciones","status":"publish","type":"post","link":"https:\/\/www.radiopresidenteibanez.cl\/web\/el-proyecto-fibra-optica-austral-sigue-su-curso-normal-cumpliendo-con-las-fechas-establecidas-ante-la-licitacion-senalo-marcos-mella-seremi-de-transporte-y-telecomunicaciones\/","title":{"rendered":"\u201cEL PROYECTO FIBRA \u00d3PTICA AUSTRAL SIGUE SU CURSO NORMAL CUMPLIENDO CON LAS FECHAS ESTABLECIDAS ANTE LA LICITACI\u00d3N\u201d SE\u00d1AL\u00d3 MARCOS MELLA SEREMI DE TRANSPORTE Y TELECOMUNICACIONES"},"content":{"rendered":"\n<p>El Secretario Regional Ministerial de transportes y telecomunicaciones,\nMarcos Mella, consultado respecto a lo que se ha conocido p\u00fablicamente por los\natrasos en el resto fibra \u00f3ptica se\u00f1al\u00f3 que este lleva su curso normal desde\nque se hizo el llamado a licitaci\u00f3n por el gobierno y ha sido parte tambi\u00e9n\nimportante las conversaciones que se han ido generando con las empresas de\ntelecomunicaciones para que no se hagan cargo de lo que ser\u00e1 la fibra \u00f3ptica en\nla regi\u00f3n de Magallanes<\/p>\n\n\n\n<p>Agr\u00e9game ya que a la fecha este proyecto se sigue trabajando a pesar de\nlo que acontece con la pandemia del cobit 19 pero no ha sido motivo para\nretrasar el proceso dado que la licitaci\u00f3n est\u00e1 en curso con los avances\nnecesarios as\u00ed tambi\u00e9n aprovech\u00f3 la oportunidad para se\u00f1alar que se ha\ncomportado de manera suficiente en lo que se esperaba la conectividad de la\nregi\u00f3n de Magallanes dado que tambi\u00e9n ha crecido mucho el consumo de internet\nal mantenerse la comunidad de sus hogares espec\u00edficamente las semanas que se\ntuvo en cuarentena<\/p>\n\n\n\n<p>En otro tema correspondiente a lo que es directamente con transporte el seremi Mella se\u00f1al\u00f3 que hasta ahora se mantiene la fecha de llegada de nuevos buses para la ciudad de punta Arenas para el transporte de mayor dado que no se hacen lado lo contrario por parte de la ministra que los pr\u00f3ximos d\u00edas Ser\u00e1 confirmando fecha de llegada a la regi\u00f3n de estos buses para que comiencen a prestar el servicio que tanto necesita la comunidad de punta Arenas especialmente en lo que corresponde a transporte mayor<\/p>\n\n\n\n<p><\/p>\n\n\n\n<p>DMG.<\/p>\n","protected":false},"excerpt":{"rendered":"<p>El Secretario Regional Ministerial de transportes y telecomunicaciones, Marcos Mella, consultado respecto a lo que se ha conocido p\u00fablicamente por los atrasos en el resto fibra \u00f3ptica se\u00f1al\u00f3 que este&#8230; <a class=\"read-more\" href=\"https:\/\/www.radiopresidenteibanez.cl\/web\/el-proyecto-fibra-optica-austral-sigue-su-curso-normal-cumpliendo-con-las-fechas-establecidas-ante-la-licitacion-senalo-marcos-mella-seremi-de-transporte-y-telecomunicaciones\/\">Leer m\u00e1s<\/a><\/p>\n","protected":false},"author":2,"featured_media":1392,"comment_status":"closed","ping_status":"closed","sticky":false,"template":"","format":"standard","meta":{"footnotes":""},"categories":[1],"tags":[],"class_list":["post-12206","post","type-post","status-publish","format-standard","has-post-thumbnail","hentry","category-cronica"],"_links":{"self":[{"href":"https:\/\/www.radiopresidenteibanez.cl\/web\/wp-json\/wp\/v2\/posts\/12206","targetHints":{"allow":["GET"]}}],"collection":[{"href":"https:\/\/www.radiopresidenteibanez.cl\/web\/wp-json\/wp\/v2\/posts"}],"about":[{"href":"https:\/\/www.radiopresidenteibanez.cl\/web\/wp-json\/wp\/v2\/types\/post"}],"author":[{"embeddable":true,"href":"https:\/\/www.radiopresidenteibanez.cl\/web\/wp-json\/wp\/v2\/users\/2"}],"replies":[{"embeddable":true,"href":"https:\/\/www.radiopresidenteibanez.cl\/web\/wp-json\/wp\/v2\/comments?post=12206"}],"version-history":[{"count":0,"href":"https:\/\/www.radiopresidenteibanez.cl\/web\/wp-json\/wp\/v2\/posts\/12206\/revisions"}],"wp:featuredmedia":[{"embeddable":true,"href":"https:\/\/www.radiopresidenteibanez.cl\/web\/wp-json\/wp\/v2\/media\/1392"}],"wp:attachment":[{"href":"https:\/\/www.radiopresidenteibanez.cl\/web\/wp-json\/wp\/v2\/media?parent=12206"}],"wp:term":[{"taxonomy":"category","embeddable":true,"href":"https:\/\/www.radiopresidenteibanez.cl\/web\/wp-json\/wp\/v2\/categories?post=12206"},{"taxonomy":"post_tag","embeddable":true,"href":"https:\/\/www.radiopresidenteibanez.cl\/web\/wp-json\/wp\/v2\/tags?post=12206"}],"curies":[{"name":"wp","href":"https:\/\/api.w.org\/{rel}","templated":true}]}}