{"id":12199,"date":"2020-05-26T13:00:15","date_gmt":"2020-05-26T13:00:15","guid":{"rendered":"https:\/\/www.radiopresidenteibanez.cl\/web\/?p=12199"},"modified":"2020-05-26T13:00:18","modified_gmt":"2020-05-26T13:00:18","slug":"consejo-regional-aprobo-incremento-para-el-proyecto-sistema-de-agua-potable-rural-en-los-loteos-selknam-y-laguna-de-los-cisnes-de-porvenir","status":"publish","type":"post","link":"https:\/\/www.radiopresidenteibanez.cl\/web\/consejo-regional-aprobo-incremento-para-el-proyecto-sistema-de-agua-potable-rural-en-los-loteos-selknam-y-laguna-de-los-cisnes-de-porvenir\/","title":{"rendered":"CONSEJO REGIONAL APROB\u00d3 INCREMENTO PARA EL PROYECTO SISTEMA DE AGUA POTABLE RURAL EN LOS LOTEOS SELKNAM Y LAGUNA DE LOS CISNES DE PORVENIR"},"content":{"rendered":"\n<p>En\nla sesi\u00f3n del Consejo Regional de Magallanes y la Ant\u00e1rtica Chilena, celebrada\nel d\u00eda de hoy bajo la modalidad de videoconferencia, uno de los puntos que\ntrataba la tabla dice relaci\u00f3n respecto a sancionar favorablemente un\nincremento derivado de la Re evaluaci\u00f3n de la iniciativa denominada: <em><strong>\u201cSistema de Agua Potable Rural, Loteo\nSelknam y Loteo Los Cisnes, Porvenir\u201d<\/strong><\/em>.<\/p>\n\n\n\n<p>Producto\nque los procesos de licitaci\u00f3n llevados a cabo por esa unidad, no fueron\nfruct\u00edferos, fue necesario enviar a re evaluaci\u00f3n la iniciativa ante el\nMinisterio de Desarrollo Social; considerando las observaciones presentadas por\nla Empresa Sanitaria.<\/p>\n\n\n\n<p>En\nla citada sesi\u00f3n, se aprob\u00f3 un incremento de 598 millones 890 mil pesos que\npermitir\u00e1 ejecutar una obra por un monto total de 2.140 millones 923 mil pesos,\nque corresponde a un APR, proyecto de agua potable rural en los Loteos Selknam\ny Laguna de los Cisnes. Est\u00e1s obras consideran una conexi\u00f3n al sistema de agua\npotable de la ciudad, espec\u00edficamente al estanque que permite entregar el agua\npotable a la comunidad, y a trav\u00e9s de una planta elevadora permitir\u00e1 que llegue\neste caudal de agua al sector periurbano de Porvenir, lo que quiere decir que\nlos Loteos Selknam y Laguna de los Cisnes, tendr\u00e1n un beneficio directo de 135\narranques, lo que tambi\u00e9n va a permitir contar con 70 grifos para combatir\nprobables incendios en el sector.<\/p>\n\n\n\n<p>La\nconstrucci\u00f3n de este proyecto considera movimiento de tierra, como por ejemplo\nexcavaci\u00f3n, rellenos compactados, reposici\u00f3n de pavimentos, c\u00e1maras, v\u00e1lvulas,\nventosas, instalaciones de arranques, transporte y colocaci\u00f3n de tuber\u00edas y las\npartes identificadas en el presupuesto detallado con sus respectivas\nespecificaciones t\u00e9cnicas.<\/p>\n\n\n\n<p>Al\nrespecto, la alcaldesa de Porvenir Marisol Andrade C\u00e1rdenas, calific\u00f3 \u201ccomo una\nmuy buena noticia y agradeci\u00f3 a cada uno de los Consejeros regionales por la\naprobaci\u00f3n un\u00e1nime de este incremento\u201d. Detall\u00f3 que este sector consta de una\nparcelaci\u00f3n de 312 lotes, por lo tanto esto implica que en un futuro tendr\u00e1\ndirecto beneficio a est\u00e1s 312 familias de Porvenir que se encuentran viviendo\nen el sector periurbano de nuestra ciudad.<\/p>\n\n\n\n<p>Agreg\u00f3\nla jefa comunal, qu\u00e9 \u201ccon este proyecto tendremos un gran impacto social con\nlos vecinos del sector periurbano, pues le llevaremos este vital elemento a sus\nhogares entreg\u00e1ndoles agua de buena calidad y en forma continua, lo cual\nmejorar\u00e1 ampliamente la calidad de vida de cada una de est\u00e1s familias.<\/p>\n\n\n\n<p>Finalmente,\nla primera autoridad comunal, se\u00f1al\u00f3 que \u201cesto nos da el aliciente para que\nsigamos trabajando para as\u00ed llevar agua potable rural a otros sectores\nperiurbanos de Porvenir y de est\u00e1 forma nuestros vecinos de la comuna\nevidentemente mejorar\u00e1n su calidad de vida en el sector periurbano en la\ncapital de Tierra del Fuego\u201d.<\/p>\n\n\n\n<p>Este\nproyecto de agua potable rural, tuvo una modificaci\u00f3n en su fuente de\nfinanciamiento para el monto total aprobado originalmente, seg\u00fan moci\u00f3n N\u00b057 de\nfecha 05.03.2018, es decir los <strong>M$1.542.033\n<\/strong>con cargo a <strong>FNDR<\/strong>,\nm\u00e1s el incremento de <strong>M$598.890<\/strong>,\nmonto derivado de la re evaluaci\u00f3n, ambos fueron con cargo a la fuente de\nfinanciamiento <strong>FONDEMA<\/strong><\/p>\n","protected":false},"excerpt":{"rendered":"<p>En la sesi\u00f3n del Consejo Regional de Magallanes y la Ant\u00e1rtica Chilena, celebrada el d\u00eda de hoy bajo la modalidad de videoconferencia, uno de los puntos que trataba la tabla&#8230; <a class=\"read-more\" href=\"https:\/\/www.radiopresidenteibanez.cl\/web\/consejo-regional-aprobo-incremento-para-el-proyecto-sistema-de-agua-potable-rural-en-los-loteos-selknam-y-laguna-de-los-cisnes-de-porvenir\/\">Leer m\u00e1s<\/a><\/p>\n","protected":false},"author":2,"featured_media":12200,"comment_status":"closed","ping_status":"closed","sticky":false,"template":"","format":"standard","meta":{"footnotes":""},"categories":[1],"tags":[],"class_list":["post-12199","post","type-post","status-publish","format-standard","has-post-thumbnail","hentry","category-cronica"],"_links":{"self":[{"href":"https:\/\/www.radiopresidenteibanez.cl\/web\/wp-json\/wp\/v2\/posts\/12199","targetHints":{"allow":["GET"]}}],"collection":[{"href":"https:\/\/www.radiopresidenteibanez.cl\/web\/wp-json\/wp\/v2\/posts"}],"about":[{"href":"https:\/\/www.radiopresidenteibanez.cl\/web\/wp-json\/wp\/v2\/types\/post"}],"author":[{"embeddable":true,"href":"https:\/\/www.radiopresidenteibanez.cl\/web\/wp-json\/wp\/v2\/users\/2"}],"replies":[{"embeddable":true,"href":"https:\/\/www.radiopresidenteibanez.cl\/web\/wp-json\/wp\/v2\/comments?post=12199"}],"version-history":[{"count":0,"href":"https:\/\/www.radiopresidenteibanez.cl\/web\/wp-json\/wp\/v2\/posts\/12199\/revisions"}],"wp:featuredmedia":[{"embeddable":true,"href":"https:\/\/www.radiopresidenteibanez.cl\/web\/wp-json\/wp\/v2\/media\/12200"}],"wp:attachment":[{"href":"https:\/\/www.radiopresidenteibanez.cl\/web\/wp-json\/wp\/v2\/media?parent=12199"}],"wp:term":[{"taxonomy":"category","embeddable":true,"href":"https:\/\/www.radiopresidenteibanez.cl\/web\/wp-json\/wp\/v2\/categories?post=12199"},{"taxonomy":"post_tag","embeddable":true,"href":"https:\/\/www.radiopresidenteibanez.cl\/web\/wp-json\/wp\/v2\/tags?post=12199"}],"curies":[{"name":"wp","href":"https:\/\/api.w.org\/{rel}","templated":true}]}}