{"id":12196,"date":"2020-05-26T12:57:47","date_gmt":"2020-05-26T12:57:47","guid":{"rendered":"https:\/\/www.radiopresidenteibanez.cl\/web\/?p=12196"},"modified":"2020-05-26T12:57:50","modified_gmt":"2020-05-26T12:57:50","slug":"dos-fallecidos-y-tres-lesionados-grave-dejo-accidente-vehicular-en-puerto-natales","status":"publish","type":"post","link":"https:\/\/www.radiopresidenteibanez.cl\/web\/dos-fallecidos-y-tres-lesionados-grave-dejo-accidente-vehicular-en-puerto-natales\/","title":{"rendered":"DOS FALLECIDOS Y TRES LESIONADOS GRAVE DEJ\u00d3 ACCIDENTE VEHICULAR EN PUERTO NATALES"},"content":{"rendered":"\n<p>La tragedia ocurri\u00f3 pasadas las 20:00 horas en el sector \u201cel\nbucanero\u201d, en la ruta 9 de Puerto Natales, en la ocasi\u00f3n un accidente vehicular\ndej\u00f3 a dos personas fallecidas y tres lesionados de car\u00e1cter graves.<\/p>\n\n\n\n<p>De acuerdo a los primeros antecedentes por razones que son materia\nde investigaci\u00f3n, la colisi\u00f3n se habr\u00eda desatado de frente, donde uno de los\nveh\u00edculos involucrados en el hecho volc\u00f3.<\/p>\n\n\n\n<p>Hasta el lugar se debi\u00f3 dirigir, voluntarios de Bomberos,\nCarabineros y Samu, quienes tomaron sus procedimientos de rigor en estos casos,\nas\u00ed tambi\u00e9n la fiscal de turno, Lorena Carrasco, solicit\u00f3 la presencia de SIAT\npara la investigaci\u00f3n correspondiente.<\/p>\n\n\n\n<p>As\u00ed tambi\u00e9n, SML hizo retiro de los cuerpos para la autopsia\ncorrespondiente.<br>\n<br>\n<\/p>\n","protected":false},"excerpt":{"rendered":"<p>La tragedia ocurri\u00f3 pasadas las 20:00 horas en el sector \u201cel bucanero\u201d, en la ruta 9 de Puerto Natales, en la ocasi\u00f3n un accidente vehicular dej\u00f3 a dos personas fallecidas&#8230; <a class=\"read-more\" href=\"https:\/\/www.radiopresidenteibanez.cl\/web\/dos-fallecidos-y-tres-lesionados-grave-dejo-accidente-vehicular-en-puerto-natales\/\">Leer m\u00e1s<\/a><\/p>\n","protected":false},"author":2,"featured_media":12197,"comment_status":"closed","ping_status":"closed","sticky":false,"template":"","format":"standard","meta":{"footnotes":""},"categories":[1],"tags":[],"class_list":["post-12196","post","type-post","status-publish","format-standard","has-post-thumbnail","hentry","category-cronica"],"_links":{"self":[{"href":"https:\/\/www.radiopresidenteibanez.cl\/web\/wp-json\/wp\/v2\/posts\/12196","targetHints":{"allow":["GET"]}}],"collection":[{"href":"https:\/\/www.radiopresidenteibanez.cl\/web\/wp-json\/wp\/v2\/posts"}],"about":[{"href":"https:\/\/www.radiopresidenteibanez.cl\/web\/wp-json\/wp\/v2\/types\/post"}],"author":[{"embeddable":true,"href":"https:\/\/www.radiopresidenteibanez.cl\/web\/wp-json\/wp\/v2\/users\/2"}],"replies":[{"embeddable":true,"href":"https:\/\/www.radiopresidenteibanez.cl\/web\/wp-json\/wp\/v2\/comments?post=12196"}],"version-history":[{"count":0,"href":"https:\/\/www.radiopresidenteibanez.cl\/web\/wp-json\/wp\/v2\/posts\/12196\/revisions"}],"wp:featuredmedia":[{"embeddable":true,"href":"https:\/\/www.radiopresidenteibanez.cl\/web\/wp-json\/wp\/v2\/media\/12197"}],"wp:attachment":[{"href":"https:\/\/www.radiopresidenteibanez.cl\/web\/wp-json\/wp\/v2\/media?parent=12196"}],"wp:term":[{"taxonomy":"category","embeddable":true,"href":"https:\/\/www.radiopresidenteibanez.cl\/web\/wp-json\/wp\/v2\/categories?post=12196"},{"taxonomy":"post_tag","embeddable":true,"href":"https:\/\/www.radiopresidenteibanez.cl\/web\/wp-json\/wp\/v2\/tags?post=12196"}],"curies":[{"name":"wp","href":"https:\/\/api.w.org\/{rel}","templated":true}]}}