{"id":12188,"date":"2020-05-26T00:03:22","date_gmt":"2020-05-26T00:03:22","guid":{"rendered":"https:\/\/www.radiopresidenteibanez.cl\/web\/?p=12188"},"modified":"2020-05-26T00:03:28","modified_gmt":"2020-05-26T00:03:28","slug":"intendente-junto-a-core-magallanes-y-servicio-de-salud-hicieron-entrega-de-nuevos-equipos-al-hospital-clinico-magallanes","status":"publish","type":"post","link":"https:\/\/www.radiopresidenteibanez.cl\/web\/intendente-junto-a-core-magallanes-y-servicio-de-salud-hicieron-entrega-de-nuevos-equipos-al-hospital-clinico-magallanes\/","title":{"rendered":"INTENDENTE JUNTO A CORE MAGALLANES Y SERVICIO DE SALUD HICIERON ENTREGA DE NUEVOS EQUIPOS AL HOSPITAL CL\u00cdNICO MAGALLANES."},"content":{"rendered":"\n<p>Con el objetivo de fortalecer\nla capacidad de respuesta de los establecimientos hospitalarios pertenecientes\na la Red Asistencial del Servicio de Salud Magallanes, hoy fueron entregados en\nel Hospital Cl\u00ednico Magallanes, diversos equipos cl\u00ednicos adquiridos a trav\u00e9s\ndel proyecto <em>Adquisici\u00f3n de equipos e insumos COVID_19 del Servicio de Salud\nMagallanes,<\/em> financiado por el CORE Magallanes.<\/p>\n\n\n\n<p>El proyecto que contempl\u00f3\nuna inversi\u00f3n total de m\u00e1s de 3.200 millones de pesos, desglosados en 1.700\nmillones para adquisici\u00f3n de equipos Hospitales y m\u00e1s de 1.200 millones para la\ncompra de elementos de protecci\u00f3n personal para funcionarios, considerando establecimientos\nde atenci\u00f3n primaria, hospitales y SAMU, beneficiar\u00e1 en su conjunto a toda la\ncomunidad regional.<\/p>\n\n\n\n<p>En este sentido, la\nprimera autoridad regional, Intendente Jos\u00e9 Fern\u00e1ndez, se\u00f1al\u00f3 que los equipos\nfueron adquiridos mediante fondos de FNDR, traspasados de Gobierno Regional al\nServicio de Salud. \u201cEstos son los primeros equipos que est\u00e1n llegando para\ncombatir la pandemia por coronavirus, financiados con fondos regionales, donde el\nGobierno de Magallanes est\u00e1 haciendo el aporte al Servicio de Salud para\nnuestra regi\u00f3n para poder tener equipos y la red en mejores condiciones\u201d, indic\u00f3\nel Intendente Fern\u00e1ndez. <\/p>\n\n\n\n<p>Por su parte, el Vicepresidente\nde la Comisi\u00f3n de Infraestructura y Presidente de la Comisi\u00f3n de Presupuesto\ndel CORE Magallanes, Dr. Ram\u00f3n Lobos, junto con efectuar un llamado a la\ncomunidad para seguir cuid\u00e1ndose,&nbsp; se\u00f1al\u00f3\nque, \u201ccomo parte del Gobierno Regional, ha sido un gran benepl\u00e1cito tener un\nconvenio vigente que no solamente ha significado tener infraestructura adecuada\npara la atenci\u00f3n en esta pandemia, sino tambi\u00e9n contar con equipamiento e\ninsumos que permiten que el Servicio de Salud pueda salir adelante en esta\ntremenda lucha\u201d.<\/p>\n\n\n\n<p>Agradeciendo a todos\nlos integrantes del Gobierno Regional y muy especialmente a los Consejeros Regionales,\nquienes han apoyado constantemente las iniciativas provenientes del sector\nsalud, el director del Servicio de Salud Magallanes, Nelson Reyes, coment\u00f3 que\nlos nuevos equipos incidir\u00e1n en brindar una mejor atenci\u00f3n a los usuarios, ampliando\nla respuesta de la Red Asistencial. \u201cLos equipos de PCR, permitir\u00e1n aumentar la\ncapacidad diagnostica, al incrementar el an\u00e1lisis diario de muestras; llegaran monitores\ny prontamente camas, adem\u00e1s de monitores de alta complejidad y lo que nosotros como\nregi\u00f3n estamos esperando, que en el mes de junio nos lleguen 6 ventiladores\ninvasivos que nos permitan dar mayor respaldo a los pacientes UCI\u201d, indic\u00f3 el\ndirector Reyes.<\/p>\n\n\n\n<p>Finalmente, el director del Hospital Cl\u00ednico Magallanes, Ricardo Contreras, junto con sumar su agradecimiento al Gobierno Regional, al Intendente y al Servicio de Salud por toda la gesti\u00f3n de abastecimiento que involucr\u00f3 el proyecto se\u00f1al\u00f3 que, \u201cel esfuerzo que hace el Gobierno Regional permite a este hospital aumentar sus capacidades y resoluci\u00f3n en lo radiol\u00f3gico y laboratorio. Agregar, adem\u00e1s, que pr\u00f3ximamente se aumentar\u00e1 el equipamiento con recurso GORE, llegar\u00e1n equipos para pacientes hospitalizados, como veladores, camas y monitores multipar\u00e1metros, pero de mayor complejidad\u201d, puntualiz\u00f3 la autoridad.<\/p>\n\n\n\n<figure class=\"wp-block-image size-large\"><img loading=\"lazy\" decoding=\"async\" width=\"1024\" height=\"683\" src=\"https:\/\/www.radiopresidenteibanez.cl\/web\/wp-content\/uploads\/2020\/05\/WhatsApp-Image-2020-05-25-at-12.18.54-1-1024x683.jpeg\" alt=\"\" class=\"wp-image-12190\" srcset=\"https:\/\/www.radiopresidenteibanez.cl\/web\/wp-content\/uploads\/2020\/05\/WhatsApp-Image-2020-05-25-at-12.18.54-1-1024x683.jpeg 1024w, https:\/\/www.radiopresidenteibanez.cl\/web\/wp-content\/uploads\/2020\/05\/WhatsApp-Image-2020-05-25-at-12.18.54-1-300x200.jpeg 300w, https:\/\/www.radiopresidenteibanez.cl\/web\/wp-content\/uploads\/2020\/05\/WhatsApp-Image-2020-05-25-at-12.18.54-1-768x512.jpeg 768w, https:\/\/www.radiopresidenteibanez.cl\/web\/wp-content\/uploads\/2020\/05\/WhatsApp-Image-2020-05-25-at-12.18.54-1.jpeg 1280w\" sizes=\"auto, (max-width: 1024px) 100vw, 1024px\" \/><\/figure>\n","protected":false},"excerpt":{"rendered":"<p>Con el objetivo de fortalecer la capacidad de respuesta de los establecimientos hospitalarios pertenecientes a la Red Asistencial del Servicio de Salud Magallanes, hoy fueron entregados en el Hospital Cl\u00ednico&#8230; <a class=\"read-more\" href=\"https:\/\/www.radiopresidenteibanez.cl\/web\/intendente-junto-a-core-magallanes-y-servicio-de-salud-hicieron-entrega-de-nuevos-equipos-al-hospital-clinico-magallanes\/\">Leer m\u00e1s<\/a><\/p>\n","protected":false},"author":2,"featured_media":12189,"comment_status":"closed","ping_status":"closed","sticky":false,"template":"","format":"standard","meta":{"footnotes":""},"categories":[1],"tags":[],"class_list":["post-12188","post","type-post","status-publish","format-standard","has-post-thumbnail","hentry","category-cronica"],"_links":{"self":[{"href":"https:\/\/www.radiopresidenteibanez.cl\/web\/wp-json\/wp\/v2\/posts\/12188","targetHints":{"allow":["GET"]}}],"collection":[{"href":"https:\/\/www.radiopresidenteibanez.cl\/web\/wp-json\/wp\/v2\/posts"}],"about":[{"href":"https:\/\/www.radiopresidenteibanez.cl\/web\/wp-json\/wp\/v2\/types\/post"}],"author":[{"embeddable":true,"href":"https:\/\/www.radiopresidenteibanez.cl\/web\/wp-json\/wp\/v2\/users\/2"}],"replies":[{"embeddable":true,"href":"https:\/\/www.radiopresidenteibanez.cl\/web\/wp-json\/wp\/v2\/comments?post=12188"}],"version-history":[{"count":0,"href":"https:\/\/www.radiopresidenteibanez.cl\/web\/wp-json\/wp\/v2\/posts\/12188\/revisions"}],"wp:featuredmedia":[{"embeddable":true,"href":"https:\/\/www.radiopresidenteibanez.cl\/web\/wp-json\/wp\/v2\/media\/12189"}],"wp:attachment":[{"href":"https:\/\/www.radiopresidenteibanez.cl\/web\/wp-json\/wp\/v2\/media?parent=12188"}],"wp:term":[{"taxonomy":"category","embeddable":true,"href":"https:\/\/www.radiopresidenteibanez.cl\/web\/wp-json\/wp\/v2\/categories?post=12188"},{"taxonomy":"post_tag","embeddable":true,"href":"https:\/\/www.radiopresidenteibanez.cl\/web\/wp-json\/wp\/v2\/tags?post=12188"}],"curies":[{"name":"wp","href":"https:\/\/api.w.org\/{rel}","templated":true}]}}