{"id":12186,"date":"2020-05-25T23:55:23","date_gmt":"2020-05-25T23:55:23","guid":{"rendered":"https:\/\/www.radiopresidenteibanez.cl\/web\/?p=12186"},"modified":"2020-05-25T23:55:27","modified_gmt":"2020-05-25T23:55:27","slug":"seremi-de-desarrollo-social-hace-un-llamado-a-hacer-caso-omiso-a-falsas-campanas-en-redes-sociales","status":"publish","type":"post","link":"https:\/\/www.radiopresidenteibanez.cl\/web\/seremi-de-desarrollo-social-hace-un-llamado-a-hacer-caso-omiso-a-falsas-campanas-en-redes-sociales\/","title":{"rendered":"SEREMI DE DESARROLLO SOCIAL HACE UN LLAMADO A HACER CASO OMISO A FALSAS CAMPA\u00d1AS EN REDES SOCIALES"},"content":{"rendered":"\n<p>Hace un par de d\u00edas\ncomenzaron a salir en diversas plataformas, la obtenci\u00f3n o postulaci\u00f3n de bonos\nsociales a trav\u00e9s de link directos o entregando informaci\u00f3n incorrecta, situaci\u00f3n\nque puso en alerta al Gobierno y se dio inicio a una campa\u00f1a a trav\u00e9s de redes\nsociales de no hacer caso a estos correos ya que son falsos.<\/p>\n\n\n\n<p>La Seremi de Desarrollo\nSocial y Familia, Liz Casanueva, junto con escribir una columna de opini\u00f3n al\nrespecto el s\u00e1bado reci\u00e9n pasado, tambi\u00e9n quiere alertar a la comunidad a no\ncaer en estos fraudes de gente mal intencionada: \u201cEn tiempo de crisis, as\u00ed como\nhay personas de buen coraz\u00f3n que ayudan a los m\u00e1s necesitados, tambi\u00e9n existen\naquellos que tratan de aprovechase de la tragedia que viven los dem\u00e1s, por eso el\nllamado siempre es a denunciar o a consultar para verificar si es verdad. En\nestos tiempos debemos actuar unidos, y denunciar a quienes no act\u00faan bien. Como\nGobierno no pedimos ni solicitamos por mail informaci\u00f3n para postular, nuestras\npostulaciones son a trav\u00e9s de p\u00e1ginas institucionales que solicitan su clave\n\u00fanica u otro n\u00famero, pero contamos con todas las medidas de seguridad\u201d.<\/p>\n\n\n\n<p>El Presidente Sebasti\u00e1n\nPi\u00f1era fue el primero en preocuparse en que las personas no sean estafadas, y\nque los fondos p\u00fablicos sean bien gestionados y no lleguen a manos de gente\ninescrupulosas, refiri\u00e9ndose la semana pasada a las falsas campa\u00f1as sociales\nque lo \u00fanico que haces es hacer da\u00f1o a quienes m\u00e1s lo necesitan.<\/p>\n\n\n\n<p>El llamado entonces es, a\nno entregar informaci\u00f3n a extra\u00f1os, no responder a correos falso, a informarse\ns\u00f3lo en canales oficiales y a ayudarnos a denunciar.<\/p>\n","protected":false},"excerpt":{"rendered":"<p>Hace un par de d\u00edas comenzaron a salir en diversas plataformas, la obtenci\u00f3n o postulaci\u00f3n de bonos sociales a trav\u00e9s de link directos o entregando informaci\u00f3n incorrecta, situaci\u00f3n que puso&#8230; <a class=\"read-more\" href=\"https:\/\/www.radiopresidenteibanez.cl\/web\/seremi-de-desarrollo-social-hace-un-llamado-a-hacer-caso-omiso-a-falsas-campanas-en-redes-sociales\/\">Leer m\u00e1s<\/a><\/p>\n","protected":false},"author":2,"featured_media":12181,"comment_status":"closed","ping_status":"closed","sticky":false,"template":"","format":"standard","meta":{"footnotes":""},"categories":[1],"tags":[],"class_list":["post-12186","post","type-post","status-publish","format-standard","has-post-thumbnail","hentry","category-cronica"],"_links":{"self":[{"href":"https:\/\/www.radiopresidenteibanez.cl\/web\/wp-json\/wp\/v2\/posts\/12186","targetHints":{"allow":["GET"]}}],"collection":[{"href":"https:\/\/www.radiopresidenteibanez.cl\/web\/wp-json\/wp\/v2\/posts"}],"about":[{"href":"https:\/\/www.radiopresidenteibanez.cl\/web\/wp-json\/wp\/v2\/types\/post"}],"author":[{"embeddable":true,"href":"https:\/\/www.radiopresidenteibanez.cl\/web\/wp-json\/wp\/v2\/users\/2"}],"replies":[{"embeddable":true,"href":"https:\/\/www.radiopresidenteibanez.cl\/web\/wp-json\/wp\/v2\/comments?post=12186"}],"version-history":[{"count":0,"href":"https:\/\/www.radiopresidenteibanez.cl\/web\/wp-json\/wp\/v2\/posts\/12186\/revisions"}],"wp:featuredmedia":[{"embeddable":true,"href":"https:\/\/www.radiopresidenteibanez.cl\/web\/wp-json\/wp\/v2\/media\/12181"}],"wp:attachment":[{"href":"https:\/\/www.radiopresidenteibanez.cl\/web\/wp-json\/wp\/v2\/media?parent=12186"}],"wp:term":[{"taxonomy":"category","embeddable":true,"href":"https:\/\/www.radiopresidenteibanez.cl\/web\/wp-json\/wp\/v2\/categories?post=12186"},{"taxonomy":"post_tag","embeddable":true,"href":"https:\/\/www.radiopresidenteibanez.cl\/web\/wp-json\/wp\/v2\/tags?post=12186"}],"curies":[{"name":"wp","href":"https:\/\/api.w.org\/{rel}","templated":true}]}}