{"id":12183,"date":"2020-05-25T23:54:04","date_gmt":"2020-05-25T23:54:04","guid":{"rendered":"https:\/\/www.radiopresidenteibanez.cl\/web\/?p=12183"},"modified":"2020-05-25T23:54:09","modified_gmt":"2020-05-25T23:54:09","slug":"municipalidad-de-puerto-natales-pone-en-marcha-nueva-farmacia-comunal","status":"publish","type":"post","link":"https:\/\/www.radiopresidenteibanez.cl\/web\/municipalidad-de-puerto-natales-pone-en-marcha-nueva-farmacia-comunal\/","title":{"rendered":"MUNICIPALIDAD DE PUERTO NATALES PONE EN MARCHA NUEVA FARMACIA COMUNAL"},"content":{"rendered":"\n<p>Durante la\nma\u00f1ana de hoy el alcalde de la comuna en compa\u00f1\u00eda del Concejo Municipal y el\nSecretario General de la Corporaci\u00f3n Municipal de Salud, inaugur\u00f3 la farmacia\ncomunal que a partir de hoy entr\u00f3 en completo funcionamiento en Puerto Natales.<\/p>\n\n\n\n<p>En una primera\ninstancia tendr\u00e1 un stock de alrededor de 250 medicamentos generales, para incrementar\neste n\u00famero a medida que los vecinos y vecinas de la comuna se vayan acercando\na la farmacia comunal.<\/p>\n\n\n\n<p>El alcalde de\nNatales, Fernando Paredes Mansilla, recalc\u00f3 que es importante que los vecinos\nse acerquen a la farmacia. \u201cAl momento que los pobladores concurran a la\nfarmacia, habr\u00e1 una inscripci\u00f3n autom\u00e1tica y sin tener la necesidad de comprar\nde inmediato, lo que interesa realmente es ir sabiendo cuales son los\nmedicamentos que la gente puede necesitar\u201d.<\/p>\n\n\n\n<p>Adem\u00e1s, el\nnuevo recinto de salud contar\u00e1 con una sala de procedimientos de enfermer\u00eda,\n\u201chay un box de atenci\u00f3n que entrega un beneficio adicional a la farmacia\ncomunal, donde se dar\u00e1 uso para tratamientos inyectables, toma de glicemia y\nex\u00e1menes de colesterol siendo previsto por profesionales de la salud\u201d, inform\u00f3\nla m\u00e1xima autoridad comunal.<\/p>\n\n\n\n<p>La nueva\nfarmacia contar\u00e1 con un qu\u00edmico farmac\u00e9utico y dos t\u00e9cnicos en enfermer\u00eda, estos\ntres profesionales del \u00e1rea de la salud velar\u00e1n por el buen funcionamiento del\nrecinto que est\u00e1 bajo la administraci\u00f3n de la Corporaci\u00f3n Municipal de Salud de\nPuerto Natales. <\/p>\n\n\n\n<p>El director\nt\u00e9cnico de la farmacia comunal, Nicol\u00e1s B\u00fcchner, se\u00f1al\u00f3 que \u201cpara inscribirse\nlo \u00fanico que deben traer las personas es su c\u00e9dula de identidad, despu\u00e9s se le\npedir\u00e1 su domicilio para que acredite que es de la comuna y con eso ya est\u00e1n\ndentro de la base de datos de la farmacia comunal\u201d. <\/p>\n\n\n\n<p>El Concejo\nMunicipal aprovech\u00f3 la instancia para se\u00f1alar que con esta gesti\u00f3n se est\u00e1\ncumpliendo un compromiso adquirido en Natales Participa,&nbsp; instancia de di\u00e1logo con los vecinos en donde\ndaban a conocer todas las necesidades que requiere la comuna, recalcando que\nuna de las que m\u00e1s preocupaba a los vecinos era precisamente contar con una\nfarmacia comunal en Puerto Natales.<\/p>\n\n\n\n<p>El nuevo\nrecinto cont\u00f3 con una inversi\u00f3n de 122 millones, entre infraestructura,\nequipamiento, f\u00e1rmacos y personal. El horario de atenci\u00f3n es de lunes a viernes\nde 10:00 a 18:30 horas, en horario continuado.<\/p>\n","protected":false},"excerpt":{"rendered":"<p>Durante la ma\u00f1ana de hoy el alcalde de la comuna en compa\u00f1\u00eda del Concejo Municipal y el Secretario General de la Corporaci\u00f3n Municipal de Salud, inaugur\u00f3 la farmacia comunal que&#8230; <a class=\"read-more\" href=\"https:\/\/www.radiopresidenteibanez.cl\/web\/municipalidad-de-puerto-natales-pone-en-marcha-nueva-farmacia-comunal\/\">Leer m\u00e1s<\/a><\/p>\n","protected":false},"author":2,"featured_media":12184,"comment_status":"closed","ping_status":"closed","sticky":false,"template":"","format":"standard","meta":{"footnotes":""},"categories":[1],"tags":[],"class_list":["post-12183","post","type-post","status-publish","format-standard","has-post-thumbnail","hentry","category-cronica"],"_links":{"self":[{"href":"https:\/\/www.radiopresidenteibanez.cl\/web\/wp-json\/wp\/v2\/posts\/12183","targetHints":{"allow":["GET"]}}],"collection":[{"href":"https:\/\/www.radiopresidenteibanez.cl\/web\/wp-json\/wp\/v2\/posts"}],"about":[{"href":"https:\/\/www.radiopresidenteibanez.cl\/web\/wp-json\/wp\/v2\/types\/post"}],"author":[{"embeddable":true,"href":"https:\/\/www.radiopresidenteibanez.cl\/web\/wp-json\/wp\/v2\/users\/2"}],"replies":[{"embeddable":true,"href":"https:\/\/www.radiopresidenteibanez.cl\/web\/wp-json\/wp\/v2\/comments?post=12183"}],"version-history":[{"count":0,"href":"https:\/\/www.radiopresidenteibanez.cl\/web\/wp-json\/wp\/v2\/posts\/12183\/revisions"}],"wp:featuredmedia":[{"embeddable":true,"href":"https:\/\/www.radiopresidenteibanez.cl\/web\/wp-json\/wp\/v2\/media\/12184"}],"wp:attachment":[{"href":"https:\/\/www.radiopresidenteibanez.cl\/web\/wp-json\/wp\/v2\/media?parent=12183"}],"wp:term":[{"taxonomy":"category","embeddable":true,"href":"https:\/\/www.radiopresidenteibanez.cl\/web\/wp-json\/wp\/v2\/categories?post=12183"},{"taxonomy":"post_tag","embeddable":true,"href":"https:\/\/www.radiopresidenteibanez.cl\/web\/wp-json\/wp\/v2\/tags?post=12183"}],"curies":[{"name":"wp","href":"https:\/\/api.w.org\/{rel}","templated":true}]}}