{"id":12180,"date":"2020-05-25T23:47:27","date_gmt":"2020-05-25T23:47:27","guid":{"rendered":"https:\/\/www.radiopresidenteibanez.cl\/web\/?p=12180"},"modified":"2020-05-25T23:47:31","modified_gmt":"2020-05-25T23:47:31","slug":"seremi-desarrollo-social-invita-a-participar-de-conversatorios-sobre-patrimonio-inmaterial-ofrecidos-por-injuv","status":"publish","type":"post","link":"https:\/\/www.radiopresidenteibanez.cl\/web\/seremi-desarrollo-social-invita-a-participar-de-conversatorios-sobre-patrimonio-inmaterial-ofrecidos-por-injuv\/","title":{"rendered":"SEREMI DESARROLLO SOCIAL INVITA A PARTICIPAR DE CONVERSATORIOS SOBRE PATRIMONIO INMATERIAL OFRECIDOS POR INJUV"},"content":{"rendered":"\n<p>El Instituto Nacional de\nla Juventud (INJUV) junto al Consejo de Monumentos Nacionales y la Subdirecci\u00f3n\nde Patrimonio Cultural Inmaterial organizaron una serie de conversatorios\ndictados por cultoras y cultores j\u00f3venes, en el marco del D\u00eda del Patrimonio Cultural,\ndurante los d\u00edas 29, 30 y 31 de mayo. \u00bfEl tema principal? Nuestro patrimonio\ncultural inmaterial.<\/p>\n\n\n\n<p>\u00bfQu\u00e9 es eso? En resumen:\nlos usos, representaciones, expresiones, conocimientos y t\u00e9cnicas &#8211; junto con\nlos instrumentos, objetos, artefactos y espacios culturales que les son\ninherentes &#8211; que las comunidades, los grupos y en algunos casos los individuos\nreconocen como integrante de su cultura. Este se transmite de generaci\u00f3n en\ngeneraci\u00f3n, es recreado constantemente por las comunidades y grupos en funci\u00f3n\nde su entorno, infundi\u00e9ndole un sentimiento de identidad y continuidad y\ncontribuyendo as\u00ed a promover el respeto hacia la diversidad cultural.<\/p>\n\n\n\n<p>La Seremi de Desarrollo\nSocial y Familia, Liz Casanueva M\u00e9ndez, invito a todos los y las j\u00f3venes a\nconectarse a estos conversatorios: \u201cestar\u00e1n disponibles 16 tem\u00e1ticas\ndiferentes, entre las que se destaca \u201c<strong>Salvaguardia de la artesan\u00eda\ntradicional Kawesqar, por Susan Vargas<\/strong>\u201d es por eso que hacemos un llamado a\nlos j\u00f3venes a acceder a la plataforma del INJUV e inscribirse en alguno de \u00e9stos,\nlo importante es generar un espacio en donde las y los j\u00f3venes que participen\npuedan hacer preguntas a las fuentes de patrimonio inmaterial\u201d.<\/p>\n\n\n\n<p>Por su parte la\ndirectora nacional (s), Mar\u00eda Asunci\u00f3n Cekalovic. se\u00f1al\u00f3: \u201cAqu\u00ed el objetivo es\nvincular a j\u00f3venes entre los 15 y 29 a\u00f1os con el patrimonio cultural inmaterial\nde nuestro pa\u00eds, relevando la importancia de los distintos elementos\npatrimoniales que cultivan las personas o comunidades, para as\u00ed conservar y\nponer en valor el patrimonio y la identidad cultural a trav\u00e9s del tiempo\u201d. <\/p>\n\n\n\n<p>\u00bfC\u00f3mo participar?<\/p>\n\n\n\n<p>Las y los j\u00f3venes que\nquieran participar deben acceder a la plataforma de INJUV,\nhttp:\/\/voluntariado.injuv.gob.cl\/dia-del-patrimonio\/, registrarse y postular a\nuno de los 16 conversatorios disponibles. Ojo, que los cupos son limitados y\nadem\u00e1s se har\u00e1n dos preguntas para contemplar en los criterios de selecci\u00f3n en\ncaso que los cupos se agoten. Adem\u00e1s de eso se considerar\u00e1n los siguientes\nelementos:<\/p>\n\n\n\n<p>\u2022&nbsp;&nbsp;&nbsp;&nbsp;&nbsp;&nbsp;&nbsp;&nbsp;&nbsp;&nbsp; Pertenecer a la regi\u00f3n en la que se realiza el\nconversatorio. <\/p>\n\n\n\n<p>\u2022&nbsp;&nbsp;&nbsp;&nbsp;&nbsp;&nbsp;&nbsp;&nbsp;&nbsp;&nbsp; Haber participado en voluntariado en versiones anteriores\ndel D\u00eda del Patrimonio Cultural (este criterio se aplica en segunda instancia,\nen el caso que el N\u00b0 de j\u00f3venes perteneciente a la regi\u00f3n siga superando a los\ncupos regionales)<\/p>\n\n\n\n<p>\u2022&nbsp;&nbsp;&nbsp;&nbsp;&nbsp;&nbsp;&nbsp;&nbsp;&nbsp;&nbsp; Lo anterior no quiere decir que son cupos son exclusivos\npara los j\u00f3venes de la regi\u00f3n, sino que se les entregar\u00e1 m\u00e1s puntaje en caso de\ntener que filtrar si los cupos se agotan.<\/p>\n\n\n\n<p>\u00bfCu\u00e1les son las tem\u00e1ticas\ndisponibles?<\/p>\n\n\n\n<p>\u2022&nbsp;&nbsp;&nbsp;&nbsp;&nbsp;&nbsp;&nbsp;&nbsp;&nbsp;&nbsp; Baile de Morenos de Paso coraz\u00f3n de Mar\u00eda.<\/p>\n\n\n\n<p>\u2022&nbsp;&nbsp;&nbsp;&nbsp;&nbsp;&nbsp;&nbsp;&nbsp;&nbsp;&nbsp; Fiesta de la Tirana, un recorrido por la historia,\ndevoci\u00f3n y tradici\u00f3n andina.<\/p>\n\n\n\n<p>\u2022&nbsp;&nbsp;&nbsp;&nbsp;&nbsp;&nbsp;&nbsp;&nbsp;&nbsp;&nbsp; Baile Chino Coya Sur.<\/p>\n\n\n\n<p>\u2022&nbsp;&nbsp;&nbsp;&nbsp;&nbsp;&nbsp;&nbsp;&nbsp;&nbsp;&nbsp; Patrimonio Cultural Inmaterial de la Regi\u00f3n de Atacama.<\/p>\n\n\n\n<p>\u2022&nbsp;&nbsp;&nbsp;&nbsp;&nbsp;&nbsp;&nbsp;&nbsp;&nbsp;&nbsp; Salvaguardia del Patrimonio Cultural Inmaterial de la\nRegi\u00f3n de Coquimbo.<\/p>\n\n\n\n<p>\u2022&nbsp;&nbsp;&nbsp;&nbsp;&nbsp;&nbsp;&nbsp;&nbsp;&nbsp;&nbsp; Emma Madariaga: Semilla del Canto a lo Poeta.<\/p>\n\n\n\n<p>\u2022&nbsp;&nbsp;&nbsp;&nbsp;&nbsp;&nbsp;&nbsp;&nbsp;&nbsp;&nbsp; Oficio tradicional del organillero-chinchinero.<\/p>\n\n\n\n<p>\u2022&nbsp;&nbsp;&nbsp;&nbsp;&nbsp;&nbsp;&nbsp;&nbsp;&nbsp;&nbsp; La salvaguardia del Patrimonio Cultural Inmaterial de los\n\/as Salineros\/as.<\/p>\n\n\n\n<p>\u2022&nbsp;&nbsp;&nbsp;&nbsp;&nbsp;&nbsp;&nbsp;&nbsp;&nbsp;&nbsp; Jes\u00fas Acevedo, cantor a lo humano y lo divino.<\/p>\n\n\n\n<p>\u2022&nbsp;&nbsp;&nbsp;&nbsp;&nbsp;&nbsp;&nbsp;&nbsp;&nbsp;&nbsp; Locas por el barro, desde Quinchamal\u00ed a tu casa.<\/p>\n\n\n\n<p>\u2022&nbsp;&nbsp;&nbsp;&nbsp;&nbsp;&nbsp;&nbsp;&nbsp;&nbsp;&nbsp; Voces de nuestras ra\u00edces, el patrimonio cultural\ninmaterial del B\u00edo-B\u00edo en casa.<\/p>\n\n\n\n<p>\u2022&nbsp;&nbsp;&nbsp;&nbsp;&nbsp;&nbsp;&nbsp;&nbsp;&nbsp;&nbsp; Salvaguardia del Wampo mapuche.<\/p>\n\n\n\n<p>\u2022&nbsp;&nbsp;&nbsp;&nbsp;&nbsp;&nbsp;&nbsp;&nbsp;&nbsp;&nbsp; K\u00fcmey Mongel (buen vivir), cultura mapuche lafquenche.<\/p>\n\n\n\n<p>\u2022&nbsp;&nbsp;&nbsp;&nbsp;&nbsp;&nbsp;&nbsp;&nbsp;&nbsp;&nbsp; Pasa calles devocionales de la cultura chilota.<\/p>\n\n\n\n<p>\u2022&nbsp;&nbsp;&nbsp;&nbsp;&nbsp;&nbsp;&nbsp;&nbsp;&nbsp;&nbsp; Identidad regional, Cultura local e Historia de la\nPatagonia.<\/p>\n\n\n\n<p>\u2022&nbsp;&nbsp;&nbsp;&nbsp;&nbsp;&nbsp;&nbsp;&nbsp;&nbsp;&nbsp; Salvaguardia de la artesan\u00eda tradicional Kawesqar, por\nSusan Vargas.&nbsp; <\/p>\n\n\n\n<p>\u00a1Recuerda que para\npostular debes hacerlo a trav\u00e9s de este link:\nhttp:\/\/voluntariado.injuv.gob.cl\/dia-del-patrimonio\/! El 28 de mayo se le\navisar\u00e1 sobre el estado de postulaci\u00f3n a quienes participen a trav\u00e9s de un\ncorreo electr\u00f3nico.<\/p>\n","protected":false},"excerpt":{"rendered":"<p>El Instituto Nacional de la Juventud (INJUV) junto al Consejo de Monumentos Nacionales y la Subdirecci\u00f3n de Patrimonio Cultural Inmaterial organizaron una serie de conversatorios dictados por cultoras y cultores&#8230; <a class=\"read-more\" href=\"https:\/\/www.radiopresidenteibanez.cl\/web\/seremi-desarrollo-social-invita-a-participar-de-conversatorios-sobre-patrimonio-inmaterial-ofrecidos-por-injuv\/\">Leer m\u00e1s<\/a><\/p>\n","protected":false},"author":2,"featured_media":12181,"comment_status":"closed","ping_status":"closed","sticky":false,"template":"","format":"standard","meta":{"footnotes":""},"categories":[1],"tags":[],"class_list":["post-12180","post","type-post","status-publish","format-standard","has-post-thumbnail","hentry","category-cronica"],"_links":{"self":[{"href":"https:\/\/www.radiopresidenteibanez.cl\/web\/wp-json\/wp\/v2\/posts\/12180","targetHints":{"allow":["GET"]}}],"collection":[{"href":"https:\/\/www.radiopresidenteibanez.cl\/web\/wp-json\/wp\/v2\/posts"}],"about":[{"href":"https:\/\/www.radiopresidenteibanez.cl\/web\/wp-json\/wp\/v2\/types\/post"}],"author":[{"embeddable":true,"href":"https:\/\/www.radiopresidenteibanez.cl\/web\/wp-json\/wp\/v2\/users\/2"}],"replies":[{"embeddable":true,"href":"https:\/\/www.radiopresidenteibanez.cl\/web\/wp-json\/wp\/v2\/comments?post=12180"}],"version-history":[{"count":0,"href":"https:\/\/www.radiopresidenteibanez.cl\/web\/wp-json\/wp\/v2\/posts\/12180\/revisions"}],"wp:featuredmedia":[{"embeddable":true,"href":"https:\/\/www.radiopresidenteibanez.cl\/web\/wp-json\/wp\/v2\/media\/12181"}],"wp:attachment":[{"href":"https:\/\/www.radiopresidenteibanez.cl\/web\/wp-json\/wp\/v2\/media?parent=12180"}],"wp:term":[{"taxonomy":"category","embeddable":true,"href":"https:\/\/www.radiopresidenteibanez.cl\/web\/wp-json\/wp\/v2\/categories?post=12180"},{"taxonomy":"post_tag","embeddable":true,"href":"https:\/\/www.radiopresidenteibanez.cl\/web\/wp-json\/wp\/v2\/tags?post=12180"}],"curies":[{"name":"wp","href":"https:\/\/api.w.org\/{rel}","templated":true}]}}