{"id":12175,"date":"2020-05-25T13:27:37","date_gmt":"2020-05-25T13:27:37","guid":{"rendered":"https:\/\/www.radiopresidenteibanez.cl\/web\/?p=12175"},"modified":"2020-05-25T13:27:41","modified_gmt":"2020-05-25T13:27:41","slug":"con-dientes-y-muelas-por-pablo-cruz","status":"publish","type":"post","link":"https:\/\/www.radiopresidenteibanez.cl\/web\/con-dientes-y-muelas-por-pablo-cruz\/","title":{"rendered":"CON DIENTES Y MUELAS por Pablo Cruz"},"content":{"rendered":"\n<p><strong>El proyecto de ley que busca limitar la\nreelecci\u00f3n parlamentaria sigue siendo pospuesto por el Senado, generando\nfuertes cr\u00edticas en la opini\u00f3n p\u00fablica.<\/strong><strong><\/strong><\/p>\n\n\n\n<p><strong>Pero la opini\u00f3n p\u00fablica debiera entender a\nlos parlamentarios y ponerse en sus zapatos.<\/strong><strong><\/strong><\/p>\n\n\n\n<p><strong>Y es natural que se opongan a seguir disfrutando\nde un status que cualquiera se quisiera.<\/strong><strong><\/strong><\/p>\n\n\n\n<p><strong>A quien no le gustar\u00eda tener una ocupaci\u00f3n a\nla que se llega a trabajar despu\u00e9s de las 10 de la ma\u00f1ana. En la que se trabaja\nsolamente tres d\u00edas a la semana. En la que adem\u00e1s de tener un sueldo\nmillonario, que con mucho sentido del humor llaman dieta, reciben un vi\u00e1tico si\nes que van a trabajar. En la que les paga todos los gastos y les dan plata para\ncontratar asesores. En que les pagan los celulares y les dan facilidades para\ncomprar autom\u00f3viles y cambiarlos todos los a\u00f1os.<\/strong><strong><\/strong><\/p>\n\n\n\n<p><strong>F\u00edjese usted que la OCDE, que significa Organizaci\u00f3n\npara la Cooperaci\u00f3n y el Desarrollo Econ\u00f3micos, re\u00fane a los pa\u00edses m\u00e1s ricos, encabezados\npor Estados Unidos, Alemania, Jap\u00f3n, y como pariente pobre a Chile, y nuestro\npa\u00eds tiene las dietas m\u00e1s altas de todos esos pa\u00edses.<\/strong><strong><\/strong><\/p>\n\n\n\n<p><strong>Diga usted, con la mano en el coraz\u00f3n, si siendo\nas\u00ed, no se opondr\u00eda tambi\u00e9n&nbsp; a que lo\ndespidieran cada ocho a\u00f1os y perdiera esos sueldos millonarios y todas las\ngranjer\u00edas adjuntas.<\/strong><strong><\/strong><\/p>\n\n\n\n<p><strong>Por eso es que los honorables chutean para adelante\nla posibilidad que les proh\u00edban ser reelegidos o que les bajen&nbsp; los sueldos -dietas- millonarios.<\/strong><strong><\/strong><\/p>\n\n\n\n<p><strong>Yo los entiendo, yo tambi\u00e9n me defender\u00eda con\ndientes y muelas.<\/strong><strong><\/strong><\/p>\n","protected":false},"excerpt":{"rendered":"<p>El proyecto de ley que busca limitar la reelecci\u00f3n parlamentaria sigue siendo pospuesto por el Senado, generando fuertes cr\u00edticas en la opini\u00f3n p\u00fablica. Pero la opini\u00f3n p\u00fablica debiera entender a&#8230; <a class=\"read-more\" href=\"https:\/\/www.radiopresidenteibanez.cl\/web\/con-dientes-y-muelas-por-pablo-cruz\/\">Leer m\u00e1s<\/a><\/p>\n","protected":false},"author":2,"featured_media":10716,"comment_status":"closed","ping_status":"closed","sticky":false,"template":"","format":"standard","meta":{"footnotes":""},"categories":[1],"tags":[],"class_list":["post-12175","post","type-post","status-publish","format-standard","has-post-thumbnail","hentry","category-cronica"],"_links":{"self":[{"href":"https:\/\/www.radiopresidenteibanez.cl\/web\/wp-json\/wp\/v2\/posts\/12175","targetHints":{"allow":["GET"]}}],"collection":[{"href":"https:\/\/www.radiopresidenteibanez.cl\/web\/wp-json\/wp\/v2\/posts"}],"about":[{"href":"https:\/\/www.radiopresidenteibanez.cl\/web\/wp-json\/wp\/v2\/types\/post"}],"author":[{"embeddable":true,"href":"https:\/\/www.radiopresidenteibanez.cl\/web\/wp-json\/wp\/v2\/users\/2"}],"replies":[{"embeddable":true,"href":"https:\/\/www.radiopresidenteibanez.cl\/web\/wp-json\/wp\/v2\/comments?post=12175"}],"version-history":[{"count":0,"href":"https:\/\/www.radiopresidenteibanez.cl\/web\/wp-json\/wp\/v2\/posts\/12175\/revisions"}],"wp:featuredmedia":[{"embeddable":true,"href":"https:\/\/www.radiopresidenteibanez.cl\/web\/wp-json\/wp\/v2\/media\/10716"}],"wp:attachment":[{"href":"https:\/\/www.radiopresidenteibanez.cl\/web\/wp-json\/wp\/v2\/media?parent=12175"}],"wp:term":[{"taxonomy":"category","embeddable":true,"href":"https:\/\/www.radiopresidenteibanez.cl\/web\/wp-json\/wp\/v2\/categories?post=12175"},{"taxonomy":"post_tag","embeddable":true,"href":"https:\/\/www.radiopresidenteibanez.cl\/web\/wp-json\/wp\/v2\/tags?post=12175"}],"curies":[{"name":"wp","href":"https:\/\/api.w.org\/{rel}","templated":true}]}}