{"id":12171,"date":"2020-05-24T21:25:03","date_gmt":"2020-05-24T21:25:03","guid":{"rendered":"https:\/\/www.radiopresidenteibanez.cl\/web\/?p=12171"},"modified":"2020-05-24T21:25:07","modified_gmt":"2020-05-24T21:25:07","slug":"gasco-magallanes-realizo-donacion-de-canastas-familiares","status":"publish","type":"post","link":"https:\/\/www.radiopresidenteibanez.cl\/web\/gasco-magallanes-realizo-donacion-de-canastas-familiares\/","title":{"rendered":"GASCO MAGALLANES REALIZ\u00d3 DONACI\u00d3N DE CANASTAS FAMILIARES"},"content":{"rendered":"\n<p>Como una forma de aportar en los esfuerzos que realizan\ninstituciones p\u00fablicas y privadas por contener los efectos sociales que ha\ngenerado la pandemia del covid-19, Gasco Magallanes don\u00f3 canastas familiares\nque ir\u00e1n en ayuda de las personas y familias m\u00e1s necesitadas.<\/p>\n\n\n\n<p>Una primera donaci\u00f3n se\nrealiz\u00f3 el viernes 22 de mayo al Hogar de Cristo instituci\u00f3n que recibi\u00f3 40\ncanastas familiares. La entrega de la mercader\u00eda se concret\u00f3 en el frontis de\nla sede del Hogar de Cristo en calle\nBalmaceda siendo recepcionada por \u00c1lvaro Rond\u00f3n,\nJefe de Operaci\u00f3n Social de dicha\ninstituci\u00f3n. \u201cEstamos muy contentos\nporque esto nos permite llegar hoy d\u00eda, en un momento tan dif\u00edcil, a personas\nde Punta Arenas y Puerto Natales que est\u00e1n hoy requiriendo nuestra ayuda\u201d, agradeci\u00f3.<\/p>\n\n\n\n<p>Una segunda donaci\u00f3n, de 50 canastas, se concret\u00f3 el s\u00e1bado\n23 de mayo a la Uni\u00f3n Comunal Hernando de Magallanes la que fue recepcionada por su presidenta, Raquel \u00c1lvarez, quien\nindic\u00f3 que este constituye un \u201cimportante aporte a nuestra campa\u00f1a\nde invierno en la que vamos a poder\nrepartir estas canastas a las familias que m\u00e1s lo est\u00e1n necesitando.\u201d<\/p>\n\n\n\n<p>Un tercer aporte,\nel mismo d\u00eda, consistente en 64 canastas,\nfue donado a la Uni\u00f3n\nComunal de Junta de Vecinos Punta Arenas, cuya\npresidenta, Cecilia C\u00e1rdenas, dijo que \u201ceste es\nel primer aporte que recibimos como organizaci\u00f3n comunitaria, hemos tratado de\ncolaborar con los vecinos de la mejor manera que hemos podido y esta ayuda\nviene a ser muy importante para nosotros.\u201d<\/p>\n\n\n\n<p>En d\u00edas anteriores tambi\u00e9n fueron entregadas canastas\nfamiliares a la Oficina de Protecci\u00f3n de Derechos (OPD) de Porvenir\nlas que favorecieron a familias\nde menores en estado de vulnerabilidad\necon\u00f3mica. Asimismo, a partir de una iniciativa de asistentes sociales UST en\nconjunto con profesionales del Policl\u00ednico Damianovic, se entregaron canastas\nde alimentos a personas vulnerables que tengan\nsu atenci\u00f3n en el centro m\u00e9dico. Igualmente, y frente a la solicitud de la SIAT\nde Carabineros se aportaron insumos sanitarios a dicha unidad de la polic\u00eda uniformada.<\/p>\n\n\n\n<p>El Gerente Comercial de Gasco Magallanes, Gonzalo Herrera,\nagradeci\u00f3 la buena disposici\u00f3n que han tenido las Juntas de Vecinos, el Hogar\nde Cristo y la OPD de Porvenir para canalizar esta ayuda solidaria. \u201cNuestra empresa\nes parte de la comunidad y nos pareci\u00f3\nimportante comprometernos\nen ir en ayuda de las familias que m\u00e1s lo necesitan hoy d\u00eda\u201d, dijo el ejecutivo.<\/p>\n","protected":false},"excerpt":{"rendered":"<p>Como una forma de aportar en los esfuerzos que realizan instituciones p\u00fablicas y privadas por contener los efectos sociales que ha generado la pandemia del covid-19, Gasco Magallanes don\u00f3 canastas&#8230; <a class=\"read-more\" href=\"https:\/\/www.radiopresidenteibanez.cl\/web\/gasco-magallanes-realizo-donacion-de-canastas-familiares\/\">Leer m\u00e1s<\/a><\/p>\n","protected":false},"author":2,"featured_media":12172,"comment_status":"closed","ping_status":"closed","sticky":false,"template":"","format":"standard","meta":{"footnotes":""},"categories":[1],"tags":[],"class_list":["post-12171","post","type-post","status-publish","format-standard","has-post-thumbnail","hentry","category-cronica"],"_links":{"self":[{"href":"https:\/\/www.radiopresidenteibanez.cl\/web\/wp-json\/wp\/v2\/posts\/12171","targetHints":{"allow":["GET"]}}],"collection":[{"href":"https:\/\/www.radiopresidenteibanez.cl\/web\/wp-json\/wp\/v2\/posts"}],"about":[{"href":"https:\/\/www.radiopresidenteibanez.cl\/web\/wp-json\/wp\/v2\/types\/post"}],"author":[{"embeddable":true,"href":"https:\/\/www.radiopresidenteibanez.cl\/web\/wp-json\/wp\/v2\/users\/2"}],"replies":[{"embeddable":true,"href":"https:\/\/www.radiopresidenteibanez.cl\/web\/wp-json\/wp\/v2\/comments?post=12171"}],"version-history":[{"count":0,"href":"https:\/\/www.radiopresidenteibanez.cl\/web\/wp-json\/wp\/v2\/posts\/12171\/revisions"}],"wp:featuredmedia":[{"embeddable":true,"href":"https:\/\/www.radiopresidenteibanez.cl\/web\/wp-json\/wp\/v2\/media\/12172"}],"wp:attachment":[{"href":"https:\/\/www.radiopresidenteibanez.cl\/web\/wp-json\/wp\/v2\/media?parent=12171"}],"wp:term":[{"taxonomy":"category","embeddable":true,"href":"https:\/\/www.radiopresidenteibanez.cl\/web\/wp-json\/wp\/v2\/categories?post=12171"},{"taxonomy":"post_tag","embeddable":true,"href":"https:\/\/www.radiopresidenteibanez.cl\/web\/wp-json\/wp\/v2\/tags?post=12171"}],"curies":[{"name":"wp","href":"https:\/\/api.w.org\/{rel}","templated":true}]}}