{"id":12168,"date":"2020-05-23T20:01:00","date_gmt":"2020-05-23T20:01:00","guid":{"rendered":"https:\/\/www.radiopresidenteibanez.cl\/web\/?p=12168"},"modified":"2020-05-23T20:01:04","modified_gmt":"2020-05-23T20:01:04","slug":"fuerza-aerea-traslado-carga-sanitaria-destinada-a-comunas-rurales-de-la-region-de-magallanes","status":"publish","type":"post","link":"https:\/\/www.radiopresidenteibanez.cl\/web\/fuerza-aerea-traslado-carga-sanitaria-destinada-a-comunas-rurales-de-la-region-de-magallanes\/","title":{"rendered":"FUERZA A\u00c9REA TRASLAD\u00d3 CARGA SANITARIA DESTINADA A COMUNAS RURALES DE LA REGI\u00d3N DE MAGALLANES"},"content":{"rendered":"\n<p>Gracias a la polivalencia de los medios de la\nFuerza A\u00e9rea de Chile, el viernes 22 de mayo, la tripulaci\u00f3n de un avi\u00f3n Boeing\n737, de dotaci\u00f3n del Grupo de Aviaci\u00f3n N\u00b010, realiz\u00f3 el traslado de una\nimportante carga sanitaria, desde Santiago a Punta Arenas, destinada a la\nprevenci\u00f3n de COVID-19 en las comunas rurales de la Regi\u00f3n de Magallanes y la\nAnt\u00e1rtica Chilena.<\/p>\n\n\n\n<p>Los insumos arribaron a la losa militar de la\nBase A\u00e9rea Chabunco, donde fueron entregados a representantes de la Direcci\u00f3n\nRegional de la Oficina Nacional de Emergencia del Ministerio del Interior\n(ONEMI), ente coordinador y log\u00edstico para su posterior distribuci\u00f3n.<\/p>\n\n\n\n<p>El Director Regional de la Onemi, Juan Carlos\nAndrades, explic\u00f3 que se trata de una cantidad importante de alcohol gel que\nfue gestionada por el Gobierno Regional v\u00eda proyectos, con la aprobaci\u00f3n del\nConsejo Regional.<\/p>\n\n\n\n<p>\u00abLa Oficina Regional de la Onemi pone a disposici\u00f3n\nsus capacidades para la coordinaci\u00f3n de esta ayuda y que, posteriormente, pueda\nser distribuida en las comunas rurales\u00bb, afirm\u00f3 el director regional,\nagradeciendo a la Instituci\u00f3n haber materializado este traslado desde la\ncapital.<\/p>\n\n\n\n<p>La Fuerza A\u00e9rea ha brindado importantes apoyos a\ndiversas instituciones y organismos de la regi\u00f3n m\u00e1s austral del pa\u00eds, junto\ncon realizar una incasable labor en beneficio de toda la comunidad, para dar\ncumplimiento a las disposiciones sanitarias y contribuir a la contenci\u00f3n de la\npandemia.<\/p>\n","protected":false},"excerpt":{"rendered":"<p>Gracias a la polivalencia de los medios de la Fuerza A\u00e9rea de Chile, el viernes 22 de mayo, la tripulaci\u00f3n de un avi\u00f3n Boeing 737, de dotaci\u00f3n del Grupo de&#8230; <a class=\"read-more\" href=\"https:\/\/www.radiopresidenteibanez.cl\/web\/fuerza-aerea-traslado-carga-sanitaria-destinada-a-comunas-rurales-de-la-region-de-magallanes\/\">Leer m\u00e1s<\/a><\/p>\n","protected":false},"author":2,"featured_media":12169,"comment_status":"closed","ping_status":"closed","sticky":false,"template":"","format":"standard","meta":{"footnotes":""},"categories":[1],"tags":[],"class_list":["post-12168","post","type-post","status-publish","format-standard","has-post-thumbnail","hentry","category-cronica"],"_links":{"self":[{"href":"https:\/\/www.radiopresidenteibanez.cl\/web\/wp-json\/wp\/v2\/posts\/12168","targetHints":{"allow":["GET"]}}],"collection":[{"href":"https:\/\/www.radiopresidenteibanez.cl\/web\/wp-json\/wp\/v2\/posts"}],"about":[{"href":"https:\/\/www.radiopresidenteibanez.cl\/web\/wp-json\/wp\/v2\/types\/post"}],"author":[{"embeddable":true,"href":"https:\/\/www.radiopresidenteibanez.cl\/web\/wp-json\/wp\/v2\/users\/2"}],"replies":[{"embeddable":true,"href":"https:\/\/www.radiopresidenteibanez.cl\/web\/wp-json\/wp\/v2\/comments?post=12168"}],"version-history":[{"count":0,"href":"https:\/\/www.radiopresidenteibanez.cl\/web\/wp-json\/wp\/v2\/posts\/12168\/revisions"}],"wp:featuredmedia":[{"embeddable":true,"href":"https:\/\/www.radiopresidenteibanez.cl\/web\/wp-json\/wp\/v2\/media\/12169"}],"wp:attachment":[{"href":"https:\/\/www.radiopresidenteibanez.cl\/web\/wp-json\/wp\/v2\/media?parent=12168"}],"wp:term":[{"taxonomy":"category","embeddable":true,"href":"https:\/\/www.radiopresidenteibanez.cl\/web\/wp-json\/wp\/v2\/categories?post=12168"},{"taxonomy":"post_tag","embeddable":true,"href":"https:\/\/www.radiopresidenteibanez.cl\/web\/wp-json\/wp\/v2\/tags?post=12168"}],"curies":[{"name":"wp","href":"https:\/\/api.w.org\/{rel}","templated":true}]}}