{"id":12159,"date":"2020-05-23T19:51:41","date_gmt":"2020-05-23T19:51:41","guid":{"rendered":"https:\/\/www.radiopresidenteibanez.cl\/web\/?p=12159"},"modified":"2020-05-23T19:51:45","modified_gmt":"2020-05-23T19:51:45","slug":"comienza-distribucion-de-canastas-familiares-y-otras-ayudas-sociales-adquiridas-con-recursos-regionales-5-fndr-aprobados-por-el-core","status":"publish","type":"post","link":"https:\/\/www.radiopresidenteibanez.cl\/web\/comienza-distribucion-de-canastas-familiares-y-otras-ayudas-sociales-adquiridas-con-recursos-regionales-5-fndr-aprobados-por-el-core\/","title":{"rendered":"COMIENZA DISTRIBUCI\u00d3N DE CANASTAS FAMILIARES Y OTRAS AYUDAS SOCIALES ADQUIRIDAS CON RECURSOS REGIONALES 5% FNDR APROBADOS POR EL CORE"},"content":{"rendered":"\n<p>Este viernes se dio inicio\na&nbsp; a la distribuci\u00f3n de canastas\nfamiliares y otras ayudas asistenciales adquiridas en su totalidad con recursos\naprobados por el Consejo Regional de Magallanes y de la Ant\u00e1rtica Chilena, provenientes\ndel 5% FNDR destinado a Emergencias o Cat\u00e1strofes correspondientes a 2.314\nmillones 916 mil pesos.<\/p>\n\n\n\n<p>Los consejeros y consejeras\nregionales coincidieron al expresar su satisfacci\u00f3n al&nbsp; conocer que finalmente la ayuda comienza a\nllegar a quienes m\u00e1s lo necesitan y han sido afectados por las consecuencias\nsocioecon\u00f3micas de la pandemia en Magallanes. <\/p>\n\n\n\n<p>En ese sentido el presidente\ndel CORE, Alejandro Kusanovic, valor\u00f3 \u201cestoy muy contento que se haya comenzado\na repartir la ayuda porque este Fondo del 5% de Emergencia, lo sancionamos hace\nvarias semanas por lo tanto es bueno que comiencen a llegar las canastas\ncompradas con recursos aprobados por el consejo regional\u201d.<\/p>\n\n\n\n<p>Asimismo el consejo de la\nprovincia Tierra del Fuego, Andr\u00e9s L\u00f3pez, junto con destacar que se diera\ninicio a la entrega de las 35.000 canastas financiadas por &nbsp;el Gobierno Regional, puntualiz\u00f3 \u201cdejamos en\nclaro que son recursos de la regi\u00f3n. Aqu\u00ed no han llegado recursos del nivel\ncentral ni nada por el estilo. Ya comenzaron a entregarse canastas con v\u00edveres en\nla ciudad de Punta Arenas y se continuar\u00e1 con la distribuci\u00f3n en las dem\u00e1s\ncomunas de Magallanes. Posteriormente deber\u00edan estar llegando las ayudas que se\naprobaron para los arriendos, medicamentos y &nbsp;subsidios a los consumos b\u00e1sicos y eso nos deja\nmuy contentos como Gobierno Regional por lo que hemos estado haciendo para llegar\na las personas que m\u00e1s lo necesitan en la regi\u00f3n y hoy no lo est\u00e1n pasando muy\nbien\u201d, afirm\u00f3. <\/p>\n\n\n\n<p>Por su parte la consejera de\n\u00daltima Esperanza, Yammy Warner, manifest\u00f3 \u201ces gratificante ver que el trabajo\nque hemos realizado al interior del consejo regional hoy empieza a marchar y a\ndemostrarse a la comunidad que ponemos en valor la necesidad que tiene cada una\nde las personas, especialmente a nivel familiar.&nbsp; Sabemos que no vamos a solucionar el gran\nproblema que tienen las familias pero si, estas canastas vienen a dar una\npeque\u00f1a luz de esperanza. As\u00ed que estoy contenta que d\u00e9 a poco se comience a materializar\nla ayuda para quienes m\u00e1s lo necesitan&nbsp;\nen la regi\u00f3n y en la provincia de \u00daltima Esperanza\u201d.<\/p>\n\n\n\n<p>Finalmente el consejero,\nAntonio Bradasic, expres\u00f3 \u201ces un motivo de alegr\u00eda que al fin est\u00e9n entregando\nlas canastas que hace un tiempo el consejo regional aprob\u00f3. Hoy reci\u00e9n se est\u00e1n\nrepartiendo y la verdad esto deber\u00eda ser m\u00e1s r\u00e1pido pero existen varios tr\u00e1mites\nque demoran las entregas. Ojal\u00e1 se contin\u00fae con agilidad a fin de llegar pronto\nal mayor n\u00famero de familias posible\u201d, concluy\u00f3 <\/p>\n","protected":false},"excerpt":{"rendered":"<p>Este viernes se dio inicio a&nbsp; a la distribuci\u00f3n de canastas familiares y otras ayudas asistenciales adquiridas en su totalidad con recursos aprobados por el Consejo Regional de Magallanes y&#8230; <a class=\"read-more\" href=\"https:\/\/www.radiopresidenteibanez.cl\/web\/comienza-distribucion-de-canastas-familiares-y-otras-ayudas-sociales-adquiridas-con-recursos-regionales-5-fndr-aprobados-por-el-core\/\">Leer m\u00e1s<\/a><\/p>\n","protected":false},"author":2,"featured_media":12160,"comment_status":"closed","ping_status":"closed","sticky":false,"template":"","format":"standard","meta":{"footnotes":""},"categories":[1],"tags":[],"class_list":["post-12159","post","type-post","status-publish","format-standard","has-post-thumbnail","hentry","category-cronica"],"_links":{"self":[{"href":"https:\/\/www.radiopresidenteibanez.cl\/web\/wp-json\/wp\/v2\/posts\/12159","targetHints":{"allow":["GET"]}}],"collection":[{"href":"https:\/\/www.radiopresidenteibanez.cl\/web\/wp-json\/wp\/v2\/posts"}],"about":[{"href":"https:\/\/www.radiopresidenteibanez.cl\/web\/wp-json\/wp\/v2\/types\/post"}],"author":[{"embeddable":true,"href":"https:\/\/www.radiopresidenteibanez.cl\/web\/wp-json\/wp\/v2\/users\/2"}],"replies":[{"embeddable":true,"href":"https:\/\/www.radiopresidenteibanez.cl\/web\/wp-json\/wp\/v2\/comments?post=12159"}],"version-history":[{"count":0,"href":"https:\/\/www.radiopresidenteibanez.cl\/web\/wp-json\/wp\/v2\/posts\/12159\/revisions"}],"wp:featuredmedia":[{"embeddable":true,"href":"https:\/\/www.radiopresidenteibanez.cl\/web\/wp-json\/wp\/v2\/media\/12160"}],"wp:attachment":[{"href":"https:\/\/www.radiopresidenteibanez.cl\/web\/wp-json\/wp\/v2\/media?parent=12159"}],"wp:term":[{"taxonomy":"category","embeddable":true,"href":"https:\/\/www.radiopresidenteibanez.cl\/web\/wp-json\/wp\/v2\/categories?post=12159"},{"taxonomy":"post_tag","embeddable":true,"href":"https:\/\/www.radiopresidenteibanez.cl\/web\/wp-json\/wp\/v2\/tags?post=12159"}],"curies":[{"name":"wp","href":"https:\/\/api.w.org\/{rel}","templated":true}]}}