{"id":12140,"date":"2020-05-23T19:36:53","date_gmt":"2020-05-23T19:36:53","guid":{"rendered":"https:\/\/www.radiopresidenteibanez.cl\/web\/?p=12140"},"modified":"2020-05-23T19:36:57","modified_gmt":"2020-05-23T19:36:57","slug":"tia-rica-anuncia-la-mayor-alza-en-el-avaluo-del-gramo-de-oro-de-la-historia","status":"publish","type":"post","link":"https:\/\/www.radiopresidenteibanez.cl\/web\/tia-rica-anuncia-la-mayor-alza-en-el-avaluo-del-gramo-de-oro-de-la-historia\/","title":{"rendered":"\u201cT\u00cdA RICA\u201d ANUNCIA LA MAYOR ALZA EN EL AVAL\u00daO DEL GRAMO DE ORO DE LA HISTORIA"},"content":{"rendered":"\n<p>La Direcci\u00f3n de\nCr\u00e9dito Prendario (Dicrep), m\u00e1s conocida como la \u201cT\u00eda Rica\u201d, nuevamente ha\nquerido ayudar a sus queridos \u201csobrinos\u201d, especialmente, en el marco de la\nemergencia sanitaria que ha afectado econ\u00f3micamente a tantas familias. <\/p>\n\n\n\n<p>Es por ello que, a\npartir de hoy 22 de mayo, la Dicrep pondr\u00e1 en marcha la mayor alza en el aval\u00fao\ndel gramo de oro en la historia del servicio, por cuanto, el pr\u00e9stamo por el\nmetal de 18 quilates pasar\u00e1 de $10.500 a $12.500 convirti\u00e9ndose en el aumento\nm\u00e1s grande hasta ahora.<\/p>\n\n\n\n<p>As\u00ed lo inform\u00f3 la\nSeremi del Trabajo, Victoria Cort\u00e9s Schiattino, expresando que \u201cestamos muy\norgullosos de anunciar esta medida que nuevamente genera el gobierno del\nPresidente Sebasti\u00e1n Pi\u00f1era, a trav\u00e9s de la \u201cT\u00eda Rica\u201d, pensando en sus\nusuarios y en aquellas personas que, producto de la pandemia por coronavirus,\npuedan estar pasando por dificultades econ\u00f3micas. Esta vez, lo hizo concretando\nel mayor aumento en la historia de la instituci\u00f3n, pasando de un cr\u00e9dito de\n$10.500 a $12.500 el gramo de oro, lo que significa un incremento del 19% del\naval\u00fao\u201d.<\/p>\n\n\n\n<p>La medida, que ir\u00e1 en\nbeneficio directo de las personas que conf\u00edan en la instituci\u00f3n a modo de\nfinanciamiento social, regir\u00e1 desde hoy viernes 22 de mayo hasta el pr\u00f3ximo 30\nde junio de 2020.<\/p>\n\n\n\n<p>Seg\u00fan inform\u00f3 el\nadministrador regional de la Dicrep Magallanes, Claudio Reyes Guti\u00e9rrez, \u201cla\nnuestra es una instituci\u00f3n que desde siempre ha entregado cr\u00e9ditos sociales sin\ndiscriminar a las personas. Por eso, quienes deseen obtener un cr\u00e9dito lo\npueden hacer siendo mayores de 18 a\u00f1os y s\u00f3lo presentando su c\u00e9dula de\nidentidad vigente y su especie a empe\u00f1ar. A partir de hoy, ya las personas se\npueden acercar hasta la unidad de cr\u00e9dito prendario de Punta Arenas y gracias a\neste aumento, obtener un financiamiento mayor por su prenda\u201d.<\/p>\n\n\n\n<p>De esta forma, la\ninstituci\u00f3n, presente en nuestro pa\u00eds desde hace 100 a\u00f1os, ofrece este\nhist\u00f3rico incremento manteniendo las mismas condiciones que han hecho de Dicrep\nuna alternativa oportuna y \u00e1gil de financiamiento, cumpliendo su rol social\nentendiendo el fuerte impacto que ha significado la pandemia del Covid-19 en la\ncomunidad y la necesidad de recursos para solventar sus necesidades.<\/p>\n\n\n\n<p>Las personas que\nquieran desde ya hacer uso de esta medida pueden acercarse hasta las oficinas\nde la Dicrep Magallanes, ubicada en calle Lautaro Navarro N\u00b01024, con horario\nde atenci\u00f3n de lunes a viernes de 9:00 a 14:00 horas, donde desde su reapertura\nal p\u00fablico se est\u00e1n tomando todas las medidas de seguridad e higiene para el\nacceso y atenci\u00f3n de usuarios.<\/p>\n","protected":false},"excerpt":{"rendered":"<p>La Direcci\u00f3n de Cr\u00e9dito Prendario (Dicrep), m\u00e1s conocida como la \u201cT\u00eda Rica\u201d, nuevamente ha querido ayudar a sus queridos \u201csobrinos\u201d, especialmente, en el marco de la emergencia sanitaria que ha&#8230; <a class=\"read-more\" href=\"https:\/\/www.radiopresidenteibanez.cl\/web\/tia-rica-anuncia-la-mayor-alza-en-el-avaluo-del-gramo-de-oro-de-la-historia\/\">Leer m\u00e1s<\/a><\/p>\n","protected":false},"author":2,"featured_media":12141,"comment_status":"closed","ping_status":"closed","sticky":false,"template":"","format":"standard","meta":{"footnotes":""},"categories":[1],"tags":[],"class_list":["post-12140","post","type-post","status-publish","format-standard","has-post-thumbnail","hentry","category-cronica"],"_links":{"self":[{"href":"https:\/\/www.radiopresidenteibanez.cl\/web\/wp-json\/wp\/v2\/posts\/12140","targetHints":{"allow":["GET"]}}],"collection":[{"href":"https:\/\/www.radiopresidenteibanez.cl\/web\/wp-json\/wp\/v2\/posts"}],"about":[{"href":"https:\/\/www.radiopresidenteibanez.cl\/web\/wp-json\/wp\/v2\/types\/post"}],"author":[{"embeddable":true,"href":"https:\/\/www.radiopresidenteibanez.cl\/web\/wp-json\/wp\/v2\/users\/2"}],"replies":[{"embeddable":true,"href":"https:\/\/www.radiopresidenteibanez.cl\/web\/wp-json\/wp\/v2\/comments?post=12140"}],"version-history":[{"count":0,"href":"https:\/\/www.radiopresidenteibanez.cl\/web\/wp-json\/wp\/v2\/posts\/12140\/revisions"}],"wp:featuredmedia":[{"embeddable":true,"href":"https:\/\/www.radiopresidenteibanez.cl\/web\/wp-json\/wp\/v2\/media\/12141"}],"wp:attachment":[{"href":"https:\/\/www.radiopresidenteibanez.cl\/web\/wp-json\/wp\/v2\/media?parent=12140"}],"wp:term":[{"taxonomy":"category","embeddable":true,"href":"https:\/\/www.radiopresidenteibanez.cl\/web\/wp-json\/wp\/v2\/categories?post=12140"},{"taxonomy":"post_tag","embeddable":true,"href":"https:\/\/www.radiopresidenteibanez.cl\/web\/wp-json\/wp\/v2\/tags?post=12140"}],"curies":[{"name":"wp","href":"https:\/\/api.w.org\/{rel}","templated":true}]}}