{"id":12137,"date":"2020-05-23T19:34:32","date_gmt":"2020-05-23T19:34:32","guid":{"rendered":"https:\/\/www.radiopresidenteibanez.cl\/web\/?p=12137"},"modified":"2020-05-23T19:34:37","modified_gmt":"2020-05-23T19:34:37","slug":"consejeros-regionales-se-reunieron-con-seremi-de-transporte-y-telecomunicaciones-para-conocer-situacion-actual-del-proyecto-fibra-optica-austral","status":"publish","type":"post","link":"https:\/\/www.radiopresidenteibanez.cl\/web\/consejeros-regionales-se-reunieron-con-seremi-de-transporte-y-telecomunicaciones-para-conocer-situacion-actual-del-proyecto-fibra-optica-austral\/","title":{"rendered":"CONSEJEROS REGIONALES SE REUNIERON CON SEREMI DE TRANSPORTE Y TELECOMUNICACIONES PARA CONOCER SITUACI\u00d3N ACTUAL DEL PROYECTO FIBRA \u00d3PTICA AUSTRAL"},"content":{"rendered":"\n<p>El Consejo Regional por\nintermedio de lacomisi\u00f3n de Infraestructura,\nPatrimonio y Desarrollo Territorial, se reuni\u00f3 recientemente con el seremi de Transporte\ny Telecomunicaciones, Marco Mella, a fin de obtener informaci\u00f3n del proyecto \u201cFibra\n\u00d3ptica Austral\u201d y saber por qu\u00e9 a\u00fan no est\u00e1 funcionando dado que hoy, m\u00e1s que\nnunca y en medio de una pandemia,&nbsp;\nMagallanes requiere urgentemente contar con buen acceso a Internet y conectividad.<\/p>\n\n\n\n<p>Seg\u00fan se\u00f1al\u00f3 el presidente del\nCORE, Alejandro Kusanovic, \u201cqueremos saber porque no est\u00e1 operativa la fibra\n\u00f3ptica en la regi\u00f3n despu\u00e9s de la tremenda inversi\u00f3n que se ha hecho y estando\nlista pr\u00e1cticamente toda la red. Es importante dar a conocer que se encuentra\nen trabas burocr\u00e1ticas de contratos que esperamos se solucionen lo antes\nposible porque en esta crisis que estamos viviendo, es esencial tener internet\nde primer nivel, banda ancha y fibra \u00f3ptica para hacer los trabajos, las clases\ny videoconferencias. Este es un tema que se requiere con urgencia comience a\noperar\u201d, afirm\u00f3. <\/p>\n\n\n\n<p>Asimismo el presidente de\nInfraestructura, Miguel Sierpe, detall\u00f3 que \u201ccuando se habla de la fibra \u00f3ptica\naustral se debe hablar de lo que signific\u00f3 el Plan Especial de Zonas Extremas y\nvemos con preocupaci\u00f3n que esta iniciativa est\u00e1 terminada desde diciembre, fue recibida\nel treinta de marzo por el ministerio de Transporte y todav\u00eda existen\ninconvenientes. Solicitamos al seremi, que el ministerio agilice el proceso de\nobservaciones y que se informe a la comunidad de manera exacta lo que pasa con\neste proyecto para que la gente tenga expectativas correctas. Debe haber\ntransparencia ya que una inversi\u00f3n de esta magnitud se hace para que sirva\npronto pero aqu\u00ed, uno de los procesos est\u00e1 completamente atrasado y tiene que\nver con la fibra terrestre que est\u00e1 a cargo de una empresa regional\u201d.<\/p>\n\n\n\n<p>Finalmente el consejero de\n\u00daltima Esperanza, Tolentino Soto, reafirm\u00f3 que se trata de un proyecto estrella\ndel Plan Especial de Zonas Extremas por lo cual el Consejo Regional tiene\nespecial inter\u00e9s en verlo operativo, \u201clos padres y apoderados manifiestan\ndiariamente su preocupaci\u00f3n ya que todo indica que pasaremos un buen tiempo\nhaciendo clases de manera digital y se requiere tener una buena se\u00f1al, por otro\nlado est\u00e1 el tema de la telemedicina tan necesaria en Magallanes. El seremi,\nnos ilustr\u00f3 algunos aspectos t\u00e9cnicos pendientes como por ejemplo la necesidad\nde extensi\u00f3n de cable terrestre al interior de las ciudades y luego la conexi\u00f3n\nhacia los hospitales y posteriormente a las escuelas y en este momento las\nempresas de internet y telecomunicaciones estar\u00edan trabajando con la\nsubsecretaria de telecomunicaciones para abordar estos temas. Imagino que en\nlos pr\u00f3ximos meses seguramente se ira abordando alg\u00fan proyecto que permita\navanzar, terminar y&nbsp; poner en\nfuncionamiento la anhelada fibra \u00f3ptica\u201d, concluy\u00f3 el consejero Soto. <\/p>\n","protected":false},"excerpt":{"rendered":"<p>El Consejo Regional por intermedio de lacomisi\u00f3n de Infraestructura, Patrimonio y Desarrollo Territorial, se reuni\u00f3 recientemente con el seremi de Transporte y Telecomunicaciones, Marco Mella, a fin de obtener informaci\u00f3n&#8230; <a class=\"read-more\" href=\"https:\/\/www.radiopresidenteibanez.cl\/web\/consejeros-regionales-se-reunieron-con-seremi-de-transporte-y-telecomunicaciones-para-conocer-situacion-actual-del-proyecto-fibra-optica-austral\/\">Leer m\u00e1s<\/a><\/p>\n","protected":false},"author":2,"featured_media":12138,"comment_status":"closed","ping_status":"closed","sticky":false,"template":"","format":"standard","meta":{"footnotes":""},"categories":[1],"tags":[],"class_list":["post-12137","post","type-post","status-publish","format-standard","has-post-thumbnail","hentry","category-cronica"],"_links":{"self":[{"href":"https:\/\/www.radiopresidenteibanez.cl\/web\/wp-json\/wp\/v2\/posts\/12137","targetHints":{"allow":["GET"]}}],"collection":[{"href":"https:\/\/www.radiopresidenteibanez.cl\/web\/wp-json\/wp\/v2\/posts"}],"about":[{"href":"https:\/\/www.radiopresidenteibanez.cl\/web\/wp-json\/wp\/v2\/types\/post"}],"author":[{"embeddable":true,"href":"https:\/\/www.radiopresidenteibanez.cl\/web\/wp-json\/wp\/v2\/users\/2"}],"replies":[{"embeddable":true,"href":"https:\/\/www.radiopresidenteibanez.cl\/web\/wp-json\/wp\/v2\/comments?post=12137"}],"version-history":[{"count":0,"href":"https:\/\/www.radiopresidenteibanez.cl\/web\/wp-json\/wp\/v2\/posts\/12137\/revisions"}],"wp:featuredmedia":[{"embeddable":true,"href":"https:\/\/www.radiopresidenteibanez.cl\/web\/wp-json\/wp\/v2\/media\/12138"}],"wp:attachment":[{"href":"https:\/\/www.radiopresidenteibanez.cl\/web\/wp-json\/wp\/v2\/media?parent=12137"}],"wp:term":[{"taxonomy":"category","embeddable":true,"href":"https:\/\/www.radiopresidenteibanez.cl\/web\/wp-json\/wp\/v2\/categories?post=12137"},{"taxonomy":"post_tag","embeddable":true,"href":"https:\/\/www.radiopresidenteibanez.cl\/web\/wp-json\/wp\/v2\/tags?post=12137"}],"curies":[{"name":"wp","href":"https:\/\/api.w.org\/{rel}","templated":true}]}}