{"id":12130,"date":"2020-05-21T22:25:41","date_gmt":"2020-05-21T22:25:41","guid":{"rendered":"https:\/\/www.radiopresidenteibanez.cl\/web\/?p=12130"},"modified":"2020-05-21T22:25:45","modified_gmt":"2020-05-21T22:25:45","slug":"consejeros-regionales-se-reunieron-con-director-del-servicio-de-salud-magallanes-para-conocer-avances-del-proyecto-adquisicion-de-equipamientos-e-insumos-covid-19","status":"publish","type":"post","link":"https:\/\/www.radiopresidenteibanez.cl\/web\/consejeros-regionales-se-reunieron-con-director-del-servicio-de-salud-magallanes-para-conocer-avances-del-proyecto-adquisicion-de-equipamientos-e-insumos-covid-19\/","title":{"rendered":"CONSEJEROS REGIONALES SE REUNIERON CON DIRECTOR DEL SERVICIO DE SALUD MAGALLANES PARA CONOCER AVANCES DEL PROYECTO ADQUISICI\u00d3N DE EQUIPAMIENTOS E INSUMOS COVID-19"},"content":{"rendered":"\n<p>Los consejeros regionales se\nreunieron este mi\u00e9rcoles, bajo la modalidad de videoconferencia, con el director\ndel servicio de Salud Magallanes, Nelson Reyes. La instancia fue convocada por\nla comisi\u00f3n Infraestructura, Patrimonio y Desarrollo Territorial.<\/p>\n\n\n\n<p>Seg\u00fan coment\u00f3 el presidente de\nInfraestructura, Miguel Sierpe, junto al director regional de Salud, se logr\u00f3 revisar\nen detalle el comportamiento de la inversi\u00f3n aprobada para el proyecto \u201cAdquisici\u00f3n de\nEquipamientos e Insumos COVID-19, Servicio de Salud Magallanes\u201d correspondiente\na 3.211 millones de pesos. \u201cSe hizo un desglose de los equipamientos e\ninsumos adquiridos y seg\u00fan lo informado se ha invertido un 98% del presupuesto.\nLa pr\u00f3xima semana llegan seis ventiladores, una cantidad importante de monitores,\nequipos de rayos y de intubaci\u00f3n y queremos de alguna manera, resguardar los\nequipamientos obtenidos con fondos regionales a fin de que no sean trasladados\na otras ciudades. Se ha avanzado sustancialmente y todav\u00eda quedan recursos, hay\nsolicitudes de parte del SAMU para lo cual el director comprometi\u00f3 que ser\u00e1n asumidas\npor el servicio de Salud, lo cual nos deja tranquilos\u201d, afirm\u00f3. &nbsp;<\/p>\n\n\n\n<p>El consejero Sierpe, inform\u00f3\nque en la oportunidad tambi\u00e9n se plante\u00f3 la inquietud referida a la necesidad\nde mayor consistencia tanto en las cifras como en los mensajes que se est\u00e1n\nentregando a la comunidad en relaci\u00f3n a la pandemia. \u201cObservamos que el \u00edndice\nde mortalidad y la cantidad de contagiados en la regi\u00f3n ha sido alto y vemos\ncon preocupaci\u00f3n que existe inconsistencia en los antecedentes. Hay informaci\u00f3n\noficial publicada que da cuenta de gente contagiada sin haber hecho ning\u00fan\nexamen y por otro lado en un plazo de cinco d\u00edas, con m\u00e1s de mil ex\u00e1menes efectuados,\nhay muy pocos enfermos y eso, es dif\u00edcil de creer. No est\u00e1n cuadrando las\ncifras y seg\u00fan dijo el director, se deber\u00eda a los permanentes cambios de\npol\u00edticas y protocolos por parte del ministerio de Salud. La comunidad necesita\ntener certeza de cuantos ex\u00e1menes se est\u00e1n haciendo, cuantos salen positivos y\ncuanta gente est\u00e1 falleciendo por COVID-19. Nadie puede negar que tenemos una\ndisminuci\u00f3n de casos y enfermos graves pero se debe tener cuidado al\nplantearlo, m\u00e1s aun cuando ha costado tanto que se tomen las medidas de precauci\u00f3n\u201d,\nafirm\u00f3. <\/p>\n\n\n\n<p>Por su parte, el\nvicepresidente de la comisi\u00f3n Infraestructura, Ram\u00f3n Lobos, destac\u00f3 \u201cvemos como\nel convenio con el ministerio de Salud ha significado, no solo dotar de\ninfraestructura y equipamiento a la regi\u00f3n, sino que hoy tambi\u00e9n ha permitido que\nse puedan inyectar recursos para mejorar la cantidad y la calidad de las prestaciones\nante la situaci\u00f3n de pandemia que estamos viviendo\u201d, concluy\u00f3 el consejero\nregional. <\/p>\n\n\n\n<p>Finalmente, seg\u00fan la\ninformaci\u00f3n entregada por el director del Servicio de Salud Magallanes, Nelson\nReyes, de un total de 427 equipos aprobados, se ha adquirido la totalidad de\n\u00e9stos, lo que representa un nivel de ejecuci\u00f3n de un 100% con un costo de 1.571\nmillones de pesos, la compra de elementos de protecci\u00f3n e insumos presenta un\navance del 99% con una inversi\u00f3n de 1.200 millones de pesos y entre el 6 y 14\nmayo llegaron al Hospital Cl\u00ednico dos equipos PCR con su equipamiento, lo cual\nsignific\u00f3 una inversi\u00f3n de 299 millones.<\/p>\n","protected":false},"excerpt":{"rendered":"<p>Los consejeros regionales se reunieron este mi\u00e9rcoles, bajo la modalidad de videoconferencia, con el director del servicio de Salud Magallanes, Nelson Reyes. La instancia fue convocada por la comisi\u00f3n Infraestructura,&#8230; <a class=\"read-more\" href=\"https:\/\/www.radiopresidenteibanez.cl\/web\/consejeros-regionales-se-reunieron-con-director-del-servicio-de-salud-magallanes-para-conocer-avances-del-proyecto-adquisicion-de-equipamientos-e-insumos-covid-19\/\">Leer m\u00e1s<\/a><\/p>\n","protected":false},"author":2,"featured_media":12131,"comment_status":"closed","ping_status":"closed","sticky":false,"template":"","format":"standard","meta":{"footnotes":""},"categories":[1],"tags":[],"class_list":["post-12130","post","type-post","status-publish","format-standard","has-post-thumbnail","hentry","category-cronica"],"_links":{"self":[{"href":"https:\/\/www.radiopresidenteibanez.cl\/web\/wp-json\/wp\/v2\/posts\/12130","targetHints":{"allow":["GET"]}}],"collection":[{"href":"https:\/\/www.radiopresidenteibanez.cl\/web\/wp-json\/wp\/v2\/posts"}],"about":[{"href":"https:\/\/www.radiopresidenteibanez.cl\/web\/wp-json\/wp\/v2\/types\/post"}],"author":[{"embeddable":true,"href":"https:\/\/www.radiopresidenteibanez.cl\/web\/wp-json\/wp\/v2\/users\/2"}],"replies":[{"embeddable":true,"href":"https:\/\/www.radiopresidenteibanez.cl\/web\/wp-json\/wp\/v2\/comments?post=12130"}],"version-history":[{"count":0,"href":"https:\/\/www.radiopresidenteibanez.cl\/web\/wp-json\/wp\/v2\/posts\/12130\/revisions"}],"wp:featuredmedia":[{"embeddable":true,"href":"https:\/\/www.radiopresidenteibanez.cl\/web\/wp-json\/wp\/v2\/media\/12131"}],"wp:attachment":[{"href":"https:\/\/www.radiopresidenteibanez.cl\/web\/wp-json\/wp\/v2\/media?parent=12130"}],"wp:term":[{"taxonomy":"category","embeddable":true,"href":"https:\/\/www.radiopresidenteibanez.cl\/web\/wp-json\/wp\/v2\/categories?post=12130"},{"taxonomy":"post_tag","embeddable":true,"href":"https:\/\/www.radiopresidenteibanez.cl\/web\/wp-json\/wp\/v2\/tags?post=12130"}],"curies":[{"name":"wp","href":"https:\/\/api.w.org\/{rel}","templated":true}]}}