{"id":12128,"date":"2020-05-21T22:23:38","date_gmt":"2020-05-21T22:23:38","guid":{"rendered":"https:\/\/www.radiopresidenteibanez.cl\/web\/?p=12128"},"modified":"2020-05-21T22:23:48","modified_gmt":"2020-05-21T22:23:48","slug":"ministerio-de-las-culturas-invita-a-revisar-nutrida-cartelera-con-mas-de-500-actividades-del-diadelpatrimonioencasa","status":"publish","type":"post","link":"https:\/\/www.radiopresidenteibanez.cl\/web\/ministerio-de-las-culturas-invita-a-revisar-nutrida-cartelera-con-mas-de-500-actividades-del-diadelpatrimonioencasa\/","title":{"rendered":"MINISTERIO DE LAS CULTURAS INVITA A REVISAR NUTRIDA CARTELERA CON M\u00c1S DE 500 ACTIVIDADES DEL #D\u00cdADELPATRIMONIOENCASA"},"content":{"rendered":"\n<p>Desde Iquique, Santiago, Valpara\u00edso, Chanco, Magallanes\ny otros muchos rincones del territorio nacional provienen las m\u00e1s de 500\nactividades que ya han sido inscritas para el pr\u00f3ximo #D\u00edaDelPatrimonioEnCasa,\nemblem\u00e1tica iniciativa coordinada por el Ministerio de las Culturas, las Artes\ny el Patrimonio y que se construye con la colaboraci\u00f3n de cientos de\ninstituciones p\u00fablicas, privadas y sociales del pa\u00eds, las que tienen plazo\nhasta el 27 de mayo para seguir sumando panoramas.<\/p>\n\n\n\n<p>En el sitio&nbsp;<strong><a href=\"http:\/\/www.diadelpatrimonio.cl\/\" target=\"_blank\" rel=\"noreferrer noopener\">www.diadelpatrimonio.cl<\/a><\/strong>,\nla ciudadan\u00eda ya puede visualizar, elegir y agendar una diversidad de\nactividades virtuales que se concretar\u00e1n entre el pr\u00f3ximo viernes 29 y domingo\n31 de mayo para conmemorar el patrimonio cultural material e inmaterial de\nChile. Recorridos virtuales y en 3D por museos y espacios patrimoniales,\ntalleres de artesan\u00eda con cultores, conversatorios, concursos, lanzamientos de\ndocumentales, exposiciones y presentaciones art\u00edsticas son algunas de las\nopciones que ofrecer\u00e1 este D\u00eda del Patrimonio Cultural para conectarse y\ncompartir, esta vez desde los hogares.<\/p>\n\n\n\n<p>\u201cLa cultura y patrimonio forma pare de nuestras vidas,\nconstituye la base el desarrollo integral de las sociedades y hoy, en un momento\ncomplejo, es clave para vincularnos, emocionarnos y conectarnos. Este es el\nesp\u00edritu y prop\u00f3sito del D\u00eda del Patrimonio Cultural En Casa, que en conjunto\ncon una serie de organizaciones p\u00fablicas y privadas estamos planificando\u201d, dijo\nla Seremi de las Culturas, las Artes y el Patrimonio, Katherine Ibacahce,\ntras&nbsp; efectuarse este mi\u00e9rcoles la segunda\nreuni\u00f3n de coordinaci\u00f3n de esta iniciativa en la regi\u00f3n de Magallanes.<\/p>\n\n\n\n<p>La cita, de car\u00e1cter virtual, convoc\u00f3 a representantes\nde veintis\u00e9is organizaciones privadas, p\u00fablicas y sociales. Durante el\nencuentro se conocieron detalles de las actividades que se encuentran en marcha\ny del registro oficial de iniciativas que hasta el momento contempla m\u00e1s de una\ndecena.<\/p>\n\n\n\n<p>Entre los eventos que se podr\u00e1n disfrutar entre el 29\ny 31 de mayo figuran en la regi\u00f3n las muestras \u201cTarjetas postales de Magallanes\n1898-1960\u201d, \u201cReviviendo en im\u00e1genes la historia de la Bomba de Magallanes\u201d,\n\u201cGas: energ\u00eda natural para Magallanes\u201d; los recorridos virtuales \u201cVilla Cerro\nCastillo y su circuito patrimonial\u201d y \u201cLa sala de \u00e9poca del Museo Regional\u201d, los\ntalleres \u201cCompartiendo la cultura Hain\u201d y \u201cAprende a cocinar con scouts de Punta\nArenas\u201d.<\/p>\n\n\n\n<p>Para aquellos que quieran revisar y agendar desde ya\nsus actividades favoritas, el sitio&nbsp;<a href=\"http:\/\/www.diadelpatrimonio.cl\/\" target=\"_blank\" rel=\"noreferrer noopener\">www.diadelpatrimonio.cl<\/a>&nbsp;permite\nbuscar y filtrar por tipo de actividad, regi\u00f3n, horario y d\u00eda. Est\u00e1n todos\ninvitados a revisar la cartelera que de manera colaborativa se est\u00e1 levantando\ny enriqueciendo cada d\u00eda.<\/p>\n","protected":false},"excerpt":{"rendered":"<p>Desde Iquique, Santiago, Valpara\u00edso, Chanco, Magallanes y otros muchos rincones del territorio nacional provienen las m\u00e1s de 500 actividades que ya han sido inscritas para el pr\u00f3ximo #D\u00edaDelPatrimonioEnCasa, emblem\u00e1tica iniciativa&#8230; <a class=\"read-more\" href=\"https:\/\/www.radiopresidenteibanez.cl\/web\/ministerio-de-las-culturas-invita-a-revisar-nutrida-cartelera-con-mas-de-500-actividades-del-diadelpatrimonioencasa\/\">Leer m\u00e1s<\/a><\/p>\n","protected":false},"author":2,"featured_media":12127,"comment_status":"closed","ping_status":"closed","sticky":false,"template":"","format":"standard","meta":{"footnotes":""},"categories":[1],"tags":[],"class_list":["post-12128","post","type-post","status-publish","format-standard","has-post-thumbnail","hentry","category-cronica"],"_links":{"self":[{"href":"https:\/\/www.radiopresidenteibanez.cl\/web\/wp-json\/wp\/v2\/posts\/12128","targetHints":{"allow":["GET"]}}],"collection":[{"href":"https:\/\/www.radiopresidenteibanez.cl\/web\/wp-json\/wp\/v2\/posts"}],"about":[{"href":"https:\/\/www.radiopresidenteibanez.cl\/web\/wp-json\/wp\/v2\/types\/post"}],"author":[{"embeddable":true,"href":"https:\/\/www.radiopresidenteibanez.cl\/web\/wp-json\/wp\/v2\/users\/2"}],"replies":[{"embeddable":true,"href":"https:\/\/www.radiopresidenteibanez.cl\/web\/wp-json\/wp\/v2\/comments?post=12128"}],"version-history":[{"count":0,"href":"https:\/\/www.radiopresidenteibanez.cl\/web\/wp-json\/wp\/v2\/posts\/12128\/revisions"}],"wp:featuredmedia":[{"embeddable":true,"href":"https:\/\/www.radiopresidenteibanez.cl\/web\/wp-json\/wp\/v2\/media\/12127"}],"wp:attachment":[{"href":"https:\/\/www.radiopresidenteibanez.cl\/web\/wp-json\/wp\/v2\/media?parent=12128"}],"wp:term":[{"taxonomy":"category","embeddable":true,"href":"https:\/\/www.radiopresidenteibanez.cl\/web\/wp-json\/wp\/v2\/categories?post=12128"},{"taxonomy":"post_tag","embeddable":true,"href":"https:\/\/www.radiopresidenteibanez.cl\/web\/wp-json\/wp\/v2\/tags?post=12128"}],"curies":[{"name":"wp","href":"https:\/\/api.w.org\/{rel}","templated":true}]}}