{"id":12100,"date":"2020-05-21T15:57:45","date_gmt":"2020-05-21T15:57:45","guid":{"rendered":"https:\/\/www.radiopresidenteibanez.cl\/web\/?p=12100"},"modified":"2020-05-21T15:57:49","modified_gmt":"2020-05-21T15:57:49","slug":"alcalde-anuncia-las-actividades-virtuales-que-se-desarrollaran-en-el-aniversario-social-de-natales","status":"publish","type":"post","link":"https:\/\/www.radiopresidenteibanez.cl\/web\/alcalde-anuncia-las-actividades-virtuales-que-se-desarrollaran-en-el-aniversario-social-de-natales\/","title":{"rendered":"ALCALDE ANUNCIA LAS ACTIVIDADES VIRTUALES QUE SE DESARROLLAR\u00c1N EN EL ANIVERSARIO SOCIAL DE NATALES"},"content":{"rendered":"\n<p>En el marco\ndel aniversario N\u00b0109 de Puerto Natales y producto de la pandemia que afecta al\nmundo, la Municipalidad de Natales mediante el alcalde de la comuna, Fernando\nParedes Mansilla, lanz\u00f3 la parrilla de actividades en l\u00ednea preparada para los\nni\u00f1os, j\u00f3venes, adultos y emprendedores de Puerto Natales. <\/p>\n\n\n\n<p>Durante dos\nsemanas el municipio realizar\u00e1 actividades deportivas, culturales, charlas,\nferias virtuales y capacitaciones, para cerrar el mes de mayo con un programa\nespecial del Aniversario N\u00b0109 de Puerto Natales.<\/p>\n\n\n\n<p>Seg\u00fan el edil\nde la comuna, la realizaci\u00f3n de actividades en el mes aniversario fue largamente\nanalizada y conversada con el Concejo Municipal. \u201cLo m\u00e1s prudente en esto es\natender el llamado que nos hace la autoridad sanitaria. No obstante a ello, el\nequipo de la municipalidad ha trabajado en conjunto con cada uno de los\nconcejales y concejalas y tenemos actividades virtuales que es bueno que se\nsepan\u201d.<\/p>\n\n\n\n<p>Dentro de las\nactividades a destacar, se encuentra la realizaci\u00f3n de talleres de pilates, bailes,\nacondicionamiento f\u00edsico y spinnig. A estos talleres se suman las transmisiones\nde capacitaciones y una feria virtual en apoyo a los emprendedores Natalinos.\nTambi\u00e9n se contempla la presencia de concursos familiares y el show infantil de\nCoplin y Coplita.<\/p>\n\n\n\n<p>&nbsp;Todas estas actividades se est\u00e1n desarrollando\ndesde el lunes 18 de mayo hasta el 31 de mayo, y ser\u00e1n replicadas a la\ncomunidad a trav\u00e9s del Fanpage de Facebook del municipio e Instagram. <\/p>\n\n\n\n<p>Adem\u00e1s de las\nactividades del aniversario, el jefe comunal&nbsp;\nse refiri\u00f3 respecto a las canastas familiares anunciadas por el\nPresidente, \u201ctodav\u00eda no hay una certeza de c\u00f3mo se va a efectuar el protocolo.\nNunca fue pensado entregar esa cantidad en una semana o dos. Nosotros estamos\ntrabajando con el gobernador de la provincia de \u00daltima Esperanza y los equipos\nde los departamentos sociales, quienes hoy d\u00eda ya est\u00e1n en conjunto, porque hay\nuna premisa que tenemos que cumplir, primero ser muy transparentes al momento\nde la entrega del beneficio, y lo segundo es que no puede pasar que se repitan\nel mismo beneficio\u201d.<\/p>\n\n\n\n<p>Esto busca ordenar la entrega canastas para que en el mes de mayo se comience a materializar este apoyo a las personas que m\u00e1s lo necesitan. Cabe recordar que el municipio est\u00e1 gestionando importantes recursos para entregar un aniversario diferente, entregando ayudas sociales, kit sanitarios, kit de higiene para ni\u00f1os y j\u00f3venes y el funcionamiento del albergue, extendi\u00e9ndose durante todo el invierno.<\/p>\n\n\n\n<figure class=\"wp-block-image size-large\"><img loading=\"lazy\" decoding=\"async\" width=\"1024\" height=\"970\" src=\"https:\/\/www.radiopresidenteibanez.cl\/web\/wp-content\/uploads\/2020\/05\/Calendario-virtual-1024x970.jpeg\" alt=\"\" class=\"wp-image-12102\" srcset=\"https:\/\/www.radiopresidenteibanez.cl\/web\/wp-content\/uploads\/2020\/05\/Calendario-virtual-1024x970.jpeg 1024w, https:\/\/www.radiopresidenteibanez.cl\/web\/wp-content\/uploads\/2020\/05\/Calendario-virtual-300x284.jpeg 300w, https:\/\/www.radiopresidenteibanez.cl\/web\/wp-content\/uploads\/2020\/05\/Calendario-virtual-768x728.jpeg 768w, https:\/\/www.radiopresidenteibanez.cl\/web\/wp-content\/uploads\/2020\/05\/Calendario-virtual.jpeg 1280w\" sizes=\"auto, (max-width: 1024px) 100vw, 1024px\" \/><\/figure>\n","protected":false},"excerpt":{"rendered":"<p>En el marco del aniversario N\u00b0109 de Puerto Natales y producto de la pandemia que afecta al mundo, la Municipalidad de Natales mediante el alcalde de la comuna, Fernando Paredes&#8230; <a class=\"read-more\" href=\"https:\/\/www.radiopresidenteibanez.cl\/web\/alcalde-anuncia-las-actividades-virtuales-que-se-desarrollaran-en-el-aniversario-social-de-natales\/\">Leer m\u00e1s<\/a><\/p>\n","protected":false},"author":2,"featured_media":12101,"comment_status":"closed","ping_status":"closed","sticky":false,"template":"","format":"standard","meta":{"footnotes":""},"categories":[1],"tags":[],"class_list":["post-12100","post","type-post","status-publish","format-standard","has-post-thumbnail","hentry","category-cronica"],"_links":{"self":[{"href":"https:\/\/www.radiopresidenteibanez.cl\/web\/wp-json\/wp\/v2\/posts\/12100","targetHints":{"allow":["GET"]}}],"collection":[{"href":"https:\/\/www.radiopresidenteibanez.cl\/web\/wp-json\/wp\/v2\/posts"}],"about":[{"href":"https:\/\/www.radiopresidenteibanez.cl\/web\/wp-json\/wp\/v2\/types\/post"}],"author":[{"embeddable":true,"href":"https:\/\/www.radiopresidenteibanez.cl\/web\/wp-json\/wp\/v2\/users\/2"}],"replies":[{"embeddable":true,"href":"https:\/\/www.radiopresidenteibanez.cl\/web\/wp-json\/wp\/v2\/comments?post=12100"}],"version-history":[{"count":0,"href":"https:\/\/www.radiopresidenteibanez.cl\/web\/wp-json\/wp\/v2\/posts\/12100\/revisions"}],"wp:featuredmedia":[{"embeddable":true,"href":"https:\/\/www.radiopresidenteibanez.cl\/web\/wp-json\/wp\/v2\/media\/12101"}],"wp:attachment":[{"href":"https:\/\/www.radiopresidenteibanez.cl\/web\/wp-json\/wp\/v2\/media?parent=12100"}],"wp:term":[{"taxonomy":"category","embeddable":true,"href":"https:\/\/www.radiopresidenteibanez.cl\/web\/wp-json\/wp\/v2\/categories?post=12100"},{"taxonomy":"post_tag","embeddable":true,"href":"https:\/\/www.radiopresidenteibanez.cl\/web\/wp-json\/wp\/v2\/tags?post=12100"}],"curies":[{"name":"wp","href":"https:\/\/api.w.org\/{rel}","templated":true}]}}