{"id":12097,"date":"2020-05-21T15:52:59","date_gmt":"2020-05-21T15:52:59","guid":{"rendered":"https:\/\/www.radiopresidenteibanez.cl\/web\/?p=12097"},"modified":"2020-05-21T15:53:04","modified_gmt":"2020-05-21T15:53:04","slug":"verdadero-o-falso-por-rolando-martinez","status":"publish","type":"post","link":"https:\/\/www.radiopresidenteibanez.cl\/web\/verdadero-o-falso-por-rolando-martinez\/","title":{"rendered":"VERDADERO O FALSO Por Rolando Mart\u00ednez"},"content":{"rendered":"\n<p>En estos tiempos, en que\nestamos m\u00e1s en casa y m\u00e1s conectados con la televisi\u00f3n, las redes sociales y\nlos medios de comunicaciones en general, nos enfrentamos ante la \u201cavalancha\u201d de\nnoticias, datos y teor\u00edas que m\u00e1s de alguna vez deben infundirnos dudas,\nexpectativas o incertidumbre. Est\u00e1 en nosotros saber \u201cleerlas\u201d y clasificarlas.<\/p>\n\n\n\n<p>Si les digo que los 43\nsenadores y 155 diputados llegaron a acuerdo y resolvieron por si solo\nrebajarse a la mitad sus sueldos, en plena sinton\u00eda con la crisis econ\u00f3mica\nmundial y de Chile, parece una noticia reciente, pero no. Es falsa.<\/p>\n\n\n\n<p>Lo cierto es que hace unos\nd\u00edas el Senado aprob\u00f3 el proyecto de ley para rebajar los sueldos de los\nlegisladores y de otras autoridades de gobierno, pero no menor del 50% como lo\npropusieron originalmente hace seis a\u00f1os los impulsores de esta iniciativa, los\ndiputados Gabriel Boric y Giorgio Jackson. La idea es que esta rebaja sea\nestablecida por el Consejo de Alta Direcci\u00f3n P\u00fablica.<\/p>\n\n\n\n<p>Ciertamente hubi\u00e9semos\nesperado que en tiempos de crisis la rebaja salarial de los parlamentarios\nhubiera sido r\u00e1pida, como un gesto de solidaridad al sufrimiento de miles de\nchilenos que hoy no tienen trabajo y han visto la p\u00e9rdida de sus ingresos. Sin\nembargo, no fue as\u00ed y los gestos solidarios quiz\u00e1s los hagan ellos de manera\nan\u00f3nima.<\/p>\n\n\n\n<p>El domingo se inform\u00f3 que la\nUnidad de Pacientes Cr\u00edticos del Hospital Cl\u00ednico de Magallanes estaba al 97%\nde ocupaci\u00f3n, al borde del colapso. Se difundi\u00f3 por redes sociales y m\u00e1s de\nalg\u00fan medio la recogi\u00f3 como cierta, pero fue una noticia originada por la\nerr\u00f3nea transcripci\u00f3n de cifras que difundi\u00f3 la Sociedad Chilena de Medicina\nIntensiva y que debi\u00f3 corregir horas despu\u00e9s. Fue otra noticia falsa, en\ncircunstancias que la ocupaci\u00f3n ese d\u00eda afortunadamente no superaba el 67%,\npero obviamente en medio del dinamismo propio de esa unidad m\u00e9dica.<\/p>\n\n\n\n<p>Fue otra fake news o noticia\nfalsa.<\/p>\n\n\n\n<p>Diversos medios nacionales,\nespecialmente los diarios, tras el estallido social en octubre, incorporaron\nsecciones de chequeos de informaciones para orientar al p\u00fablico si una noticia\no dato difundido en redes sociales era verdadero o falso. <\/p>\n\n\n\n<p>En tiempos de crisis, como el\npresente, es necesario confiar en los medios period\u00edsticos y no siempre pensar\nque todo lo difundido en redes sociales es certero. Al menos dejar margen a la\nduda y chequear antes de repetir. <\/p>\n\n\n\n<p>Ello tambi\u00e9n es un desaf\u00edo\ndiario para todos los periodistas, reporteros y comunicadores en general: actuar\nde manera responsable cuando se est\u00e1 trabajando en un medio.<\/p>\n\n\n\n<p>Ustedes saben \u00bfcu\u00e1ntas\nnoticias falsas o fake news se han generado en el mundo en torno al\ncoronavirus? <\/p>\n\n\n\n<p>Casi cinco mil noticias han\nsido desacreditadas y que provocan un mayor desgaste a los periodistas por tener\nque validar o no determinado hecho que se difundi\u00f3 como cierto en redes\nsociales.<\/p>\n\n\n\n<p>Ello lo explic\u00f3 Cristina\nTard\u00e1guila, periodista brasile\u00f1a radicada en Nueva York. Ella trabaja para la\n\u00abCoronavirus Fact-Checking Alliance\u00bb, un proyecto del Instituto Poynter\ny de la Red Internacional de Fact-Checking.<\/p>\n\n\n\n<p>Tard\u00e1guila dijo en reciente\nentrevista que la Red Internacional de Fact Cheking, es un centro que aglutina\na m\u00e1s de 80 organizaciones presentes en 40 pa\u00edses, que trabajan duro para\nseparar los hechos de la ficci\u00f3n. Antes de la pandemia su labor se orientaba\nprincipalmente a verificar hechos sociales y pol\u00edticos.<\/p>\n\n\n\n<p>La \u201cCoronavirus Fact-Cheking\nAlliance\u201d comenz\u00f3 a funcionar a fines de enero para evaluar el c\u00famulo de\ninformaciones que se generaban en torno al Covid 19 uni\u00e9ndose 88 organizaciones\ncolaboradoras en 74 pa\u00edses. Hasta inicios de mayo desacreditaron contenidos en\n43 idiomas diferentes y que se han publicado 4.823 enga\u00f1os que han sido\ndesacreditados.<\/p>\n\n\n\n<p>Como ven estamos ante un\nfen\u00f3meno que hace tiempo se masific\u00f3 y que nos repercute en la desinformaci\u00f3n. <\/p>\n\n\n\n<p>Las noticias falsas o llamadas\nfake news seguir\u00e1n ocurriendo, pero est\u00e1 en cada uno de nosotros chequear en\notras fuentes si son ver\u00eddicas o no, antes de adoptar una posici\u00f3n, opinar y\ndifundir.<\/p>\n\n\n\n<p>Recordemos al fil\u00f3sofo\nbrit\u00e1nico Herbert Paul Grice, fallecido en 1988, que entre sus m\u00e1ximas\nconversacionales dict\u00f3 la de cualidad: \u201cno digas aquello de lo que no tengas\nevidencia o creas falso\u201d.<\/p>\n\n\n\n<p>Vale la pena recordarla cada\ncierto tiempo.<\/p>\n","protected":false},"excerpt":{"rendered":"<p>En estos tiempos, en que estamos m\u00e1s en casa y m\u00e1s conectados con la televisi\u00f3n, las redes sociales y los medios de comunicaciones en general, nos enfrentamos ante la \u201cavalancha\u201d&#8230; <a class=\"read-more\" href=\"https:\/\/www.radiopresidenteibanez.cl\/web\/verdadero-o-falso-por-rolando-martinez\/\">Leer m\u00e1s<\/a><\/p>\n","protected":false},"author":2,"featured_media":12098,"comment_status":"closed","ping_status":"closed","sticky":false,"template":"","format":"standard","meta":{"footnotes":""},"categories":[1],"tags":[],"class_list":["post-12097","post","type-post","status-publish","format-standard","has-post-thumbnail","hentry","category-cronica"],"_links":{"self":[{"href":"https:\/\/www.radiopresidenteibanez.cl\/web\/wp-json\/wp\/v2\/posts\/12097","targetHints":{"allow":["GET"]}}],"collection":[{"href":"https:\/\/www.radiopresidenteibanez.cl\/web\/wp-json\/wp\/v2\/posts"}],"about":[{"href":"https:\/\/www.radiopresidenteibanez.cl\/web\/wp-json\/wp\/v2\/types\/post"}],"author":[{"embeddable":true,"href":"https:\/\/www.radiopresidenteibanez.cl\/web\/wp-json\/wp\/v2\/users\/2"}],"replies":[{"embeddable":true,"href":"https:\/\/www.radiopresidenteibanez.cl\/web\/wp-json\/wp\/v2\/comments?post=12097"}],"version-history":[{"count":0,"href":"https:\/\/www.radiopresidenteibanez.cl\/web\/wp-json\/wp\/v2\/posts\/12097\/revisions"}],"wp:featuredmedia":[{"embeddable":true,"href":"https:\/\/www.radiopresidenteibanez.cl\/web\/wp-json\/wp\/v2\/media\/12098"}],"wp:attachment":[{"href":"https:\/\/www.radiopresidenteibanez.cl\/web\/wp-json\/wp\/v2\/media?parent=12097"}],"wp:term":[{"taxonomy":"category","embeddable":true,"href":"https:\/\/www.radiopresidenteibanez.cl\/web\/wp-json\/wp\/v2\/categories?post=12097"},{"taxonomy":"post_tag","embeddable":true,"href":"https:\/\/www.radiopresidenteibanez.cl\/web\/wp-json\/wp\/v2\/tags?post=12097"}],"curies":[{"name":"wp","href":"https:\/\/api.w.org\/{rel}","templated":true}]}}