{"id":12091,"date":"2020-05-20T18:33:42","date_gmt":"2020-05-20T18:33:42","guid":{"rendered":"https:\/\/www.radiopresidenteibanez.cl\/web\/?p=12091"},"modified":"2020-05-20T18:33:46","modified_gmt":"2020-05-20T18:33:46","slug":"diputada-magallanica-sandra-amar-solicita-informacion-sobre-situacion-de-excesivos-cobros-de-servicios-basicos","status":"publish","type":"post","link":"https:\/\/www.radiopresidenteibanez.cl\/web\/diputada-magallanica-sandra-amar-solicita-informacion-sobre-situacion-de-excesivos-cobros-de-servicios-basicos\/","title":{"rendered":"DIPUTADA MAGALL\u00c1NICA SANDRA AMAR SOLICITA INFORMACI\u00d3N SOBRE SITUACI\u00d3N DE EXCESIVOS COBROS DE SERVICIOS B\u00c1SICOS"},"content":{"rendered":"\n<p>Atendiendo a las\ninnumerables denuncias de alzas en los cobros de servicios b\u00e1sicos en la\nregi\u00f3n, la diputada Sandra Amar, ofici\u00f3 al Superintendente de Electricidad y Combustible\ny al Superintendente de Servicios Sanitarios, a efecto de fiscalizar como se\ngeneran los cobros de los servicios b\u00e1sicos y a que responden los mismos.<\/p>\n\n\n\n<p>La parlamentaria se\u00f1al\u00f3\nque <strong>\u201cel acuerdo alcanzado entre el Gobierno\ny las empresas de servicios b\u00e1sicos, permitir\u00eda darle tranquilidad a las\nfamilias que se vieran afectadas por la crisis sanitaria, suspendiendo el corte\nde los suministros b\u00e1sicos para aquellas personas que se atrasaran en sus pagos\ndurante la vigencia del estado de cat\u00e1strofe\u201d<\/strong><\/p>\n\n\n\n<p>Sin embargo y a pesar\nde este acuerdo, la diputada dijo que <strong>\u201cpese\na los continuos esfuerzos que hemos desarrollado en la C\u00e1mara en conjunto al\nGobierno, he recibo innumerables denuncias de alzas en los cobros de servicios\nb\u00e1sicos en domicilios particulares, denuncias de propietarios de locales\ncomerciales que, por fuerza mayor deben mantenerlos cerrados y que sus cuentan mantienen\nun costo promedio a pesar de no consumir estos servicios\u201d<\/strong><\/p>\n\n\n\n<p>Cabe destacar que no se\npuede permitir que las empresas encargadas de suministrar estos servicios\nesenciales para la vida de las familias como son el agua y la electricidad,\nsaquen partido econ\u00f3mico&nbsp; consecuencia de\nla dif\u00edcil situaci\u00f3n que est\u00e1n viviendo los chilenos producto de la crisis\nsanitaria. <\/p>\n","protected":false},"excerpt":{"rendered":"<p>Atendiendo a las innumerables denuncias de alzas en los cobros de servicios b\u00e1sicos en la regi\u00f3n, la diputada Sandra Amar, ofici\u00f3 al Superintendente de Electricidad y Combustible y al Superintendente&#8230; <a class=\"read-more\" href=\"https:\/\/www.radiopresidenteibanez.cl\/web\/diputada-magallanica-sandra-amar-solicita-informacion-sobre-situacion-de-excesivos-cobros-de-servicios-basicos\/\">Leer m\u00e1s<\/a><\/p>\n","protected":false},"author":2,"featured_media":9509,"comment_status":"closed","ping_status":"closed","sticky":false,"template":"","format":"standard","meta":{"footnotes":""},"categories":[1],"tags":[],"class_list":["post-12091","post","type-post","status-publish","format-standard","has-post-thumbnail","hentry","category-cronica"],"_links":{"self":[{"href":"https:\/\/www.radiopresidenteibanez.cl\/web\/wp-json\/wp\/v2\/posts\/12091","targetHints":{"allow":["GET"]}}],"collection":[{"href":"https:\/\/www.radiopresidenteibanez.cl\/web\/wp-json\/wp\/v2\/posts"}],"about":[{"href":"https:\/\/www.radiopresidenteibanez.cl\/web\/wp-json\/wp\/v2\/types\/post"}],"author":[{"embeddable":true,"href":"https:\/\/www.radiopresidenteibanez.cl\/web\/wp-json\/wp\/v2\/users\/2"}],"replies":[{"embeddable":true,"href":"https:\/\/www.radiopresidenteibanez.cl\/web\/wp-json\/wp\/v2\/comments?post=12091"}],"version-history":[{"count":0,"href":"https:\/\/www.radiopresidenteibanez.cl\/web\/wp-json\/wp\/v2\/posts\/12091\/revisions"}],"wp:featuredmedia":[{"embeddable":true,"href":"https:\/\/www.radiopresidenteibanez.cl\/web\/wp-json\/wp\/v2\/media\/9509"}],"wp:attachment":[{"href":"https:\/\/www.radiopresidenteibanez.cl\/web\/wp-json\/wp\/v2\/media?parent=12091"}],"wp:term":[{"taxonomy":"category","embeddable":true,"href":"https:\/\/www.radiopresidenteibanez.cl\/web\/wp-json\/wp\/v2\/categories?post=12091"},{"taxonomy":"post_tag","embeddable":true,"href":"https:\/\/www.radiopresidenteibanez.cl\/web\/wp-json\/wp\/v2\/tags?post=12091"}],"curies":[{"name":"wp","href":"https:\/\/api.w.org\/{rel}","templated":true}]}}