{"id":12088,"date":"2020-05-20T18:30:37","date_gmt":"2020-05-20T18:30:37","guid":{"rendered":"https:\/\/www.radiopresidenteibanez.cl\/web\/?p=12088"},"modified":"2020-05-20T18:30:41","modified_gmt":"2020-05-20T18:30:41","slug":"campamento-lautaro-reciben-kits-sanitarios","status":"publish","type":"post","link":"https:\/\/www.radiopresidenteibanez.cl\/web\/campamento-lautaro-reciben-kits-sanitarios\/","title":{"rendered":"CAMPAMENTO LAUTARO RECIBEN KITS SANITARIOS"},"content":{"rendered":"\n<p>54 familias del campamento Lautaro de la ciudad de\nPunta Arenas recibieron en, el d\u00eda de hoy, dos kits de aseo e higiene,\nconsiderados en estos tiempos, como elementos de primera necesidad los que\ncontribuyen a frenar el contagio del COVID-19.<\/p>\n\n\n\n<p>Esta ayuda, recibida por familias de escasos recursos,\nse materializ\u00f3 en la entrega de elementos como cloro, cloro gel, toallitas\ndesinfectantes, desinfectante en spray, toallas de papel, guantes de aseo,\npa\u00f1os de limpieza y jab\u00f3n l\u00edquido.<\/p>\n\n\n\n<p>Esta acci\u00f3n, de apoyo a la comunidad, se llev\u00f3 a cabo,\ngracias a la coordinaci\u00f3n de distintas instituciones como personal de la V\nDivisi\u00f3n de Ej\u00e9rcito, la IV Brigada A\u00e9rea, ONEMI y el Ministerio de Vivienda y\nUrbanismo (MINVU), dirigido a la poblaci\u00f3n m\u00e1s vulnerable.<\/p>\n\n\n\n<p>El Teniente Coronel Arturo Contador del Comando\nConjunto Austral, oficial a cargo de la actividad destac\u00f3 que el trabajo\nrealizado por personal de las Fuerzas Armadas, no solo se encuentra enfocados\nen el control y fiscalizaci\u00f3n al cumplimiento de las medidas sanitarias, sino\ntambi\u00e9n han realizado diversas actividades de apoyo a la comunidad de\nMagallanes, en estos 62 d\u00edas de Pandemia.<\/p>\n\n\n\n<p>\u201cNosotros, como Fuerzas Armadas, no solo estamos\nencargados del orden p\u00fablico y seguridad; sino tambi\u00e9n todo lo que tiene\nrelaci\u00f3n con apoyo humanitario. Como el traslado de literas a distintos\nrecintos que funcionan, actualmente, como residencias sanitarias, y tambi\u00e9n, el\nenv\u00edo de elementos para adultos mayores, a Porvenir y Natales. La semana pasada\nentregamos kits sanitarios a distintas comunas de la Provincia de \u00daltima\nEsperanza, como tambi\u00e9n a Tierra del Fuego, entre otras tareas. La idea es cooperar\ncon nuestro grano de arena en estas actividades\u201d, precis\u00f3 el Teniente Coronel\nContador.<\/p>\n\n\n\n<p>Al respecto el director regional de SERVIU, Dubalio\nP\u00e9rez, se\u00f1al\u00f3 \u201cEstamos entregando estos kids de aseo a las familias del\ncampamento que tenemos en Punta Arenas, porque el Ministerio est\u00e1 preocupado\npor la poblaci\u00f3n m\u00e1s vulnerable, en estos tiempos todos necesitan tomar medidas\npara prevenir los contagios y la higiene de manos y desinfecci\u00f3n de superficies\nson fundamentales para ello\u2026\u201d.<\/p>\n\n\n\n<p>Cabe se\u00f1alar que los productos llegaron a Punta Arenas\ngracias a la coordinaci\u00f3n, del Ministerio de Defensa en colaboraci\u00f3n con la\nFuerza A\u00e9rea, quienes facilitaron el traslado de los enseres a los territorios\nm\u00e1s afectados por la pandemia, en el marco del \u201cEstado de Excepci\u00f3n\nConstitucional de Cat\u00e1strofe\u201d decretado el pasado 18 de marzo.<\/p>\n","protected":false},"excerpt":{"rendered":"<p>54 familias del campamento Lautaro de la ciudad de Punta Arenas recibieron en, el d\u00eda de hoy, dos kits de aseo e higiene, considerados en estos tiempos, como elementos de&#8230; <a class=\"read-more\" href=\"https:\/\/www.radiopresidenteibanez.cl\/web\/campamento-lautaro-reciben-kits-sanitarios\/\">Leer m\u00e1s<\/a><\/p>\n","protected":false},"author":2,"featured_media":12089,"comment_status":"closed","ping_status":"closed","sticky":false,"template":"","format":"standard","meta":{"footnotes":""},"categories":[1],"tags":[],"class_list":["post-12088","post","type-post","status-publish","format-standard","has-post-thumbnail","hentry","category-cronica"],"_links":{"self":[{"href":"https:\/\/www.radiopresidenteibanez.cl\/web\/wp-json\/wp\/v2\/posts\/12088","targetHints":{"allow":["GET"]}}],"collection":[{"href":"https:\/\/www.radiopresidenteibanez.cl\/web\/wp-json\/wp\/v2\/posts"}],"about":[{"href":"https:\/\/www.radiopresidenteibanez.cl\/web\/wp-json\/wp\/v2\/types\/post"}],"author":[{"embeddable":true,"href":"https:\/\/www.radiopresidenteibanez.cl\/web\/wp-json\/wp\/v2\/users\/2"}],"replies":[{"embeddable":true,"href":"https:\/\/www.radiopresidenteibanez.cl\/web\/wp-json\/wp\/v2\/comments?post=12088"}],"version-history":[{"count":0,"href":"https:\/\/www.radiopresidenteibanez.cl\/web\/wp-json\/wp\/v2\/posts\/12088\/revisions"}],"wp:featuredmedia":[{"embeddable":true,"href":"https:\/\/www.radiopresidenteibanez.cl\/web\/wp-json\/wp\/v2\/media\/12089"}],"wp:attachment":[{"href":"https:\/\/www.radiopresidenteibanez.cl\/web\/wp-json\/wp\/v2\/media?parent=12088"}],"wp:term":[{"taxonomy":"category","embeddable":true,"href":"https:\/\/www.radiopresidenteibanez.cl\/web\/wp-json\/wp\/v2\/categories?post=12088"},{"taxonomy":"post_tag","embeddable":true,"href":"https:\/\/www.radiopresidenteibanez.cl\/web\/wp-json\/wp\/v2\/tags?post=12088"}],"curies":[{"name":"wp","href":"https:\/\/api.w.org\/{rel}","templated":true}]}}