{"id":12082,"date":"2020-05-20T18:22:43","date_gmt":"2020-05-20T18:22:43","guid":{"rendered":"https:\/\/www.radiopresidenteibanez.cl\/web\/?p=12082"},"modified":"2020-05-20T18:22:47","modified_gmt":"2020-05-20T18:22:47","slug":"tabsa-informo-que-valores-del-cruce-en-primera-angostura-se-mantienen","status":"publish","type":"post","link":"https:\/\/www.radiopresidenteibanez.cl\/web\/tabsa-informo-que-valores-del-cruce-en-primera-angostura-se-mantienen\/","title":{"rendered":"TABSA INFORM\u00d3 QUE VALORES DEL CRUCE EN PRIMERA ANGOSTURA SE MANTIENEN"},"content":{"rendered":"\n<p>Luego que algunos clientes de origen argentino manifestaran su inquietud por una supuesta alza de tarifas en el cruce mar\u00edtimo de Primera Angostura, Transbordadora Austral Broom S.A. (Tabsa) aclar\u00f3 que los valores de sus servicios no han sido reajustados hace m\u00e1s de un a\u00f1o y medio tanto las tarifas nacionales como para extranjeros.<\/p>\n\n\n\n<p>Desde la empresa indicaron que la tarifa que se les cobra a los clientes argentinos est\u00e1 fijada en pesos chilenos y no ha sufrido variaci\u00f3n hace m\u00e1s de un a\u00f1o y medio. Lo que existe frecuentemente es una variaci\u00f3n del valor del d\u00f3lar en el mercado que afecta el tipo de cambio de la moneda argentina generando fluctuaciones en su valor lo que genera una situaci\u00f3n que excede las competencias de Tabsa.<\/p>\n\n\n\n<p>Las tarifas de Tabsa est\u00e1n publicadas en pesos chilenos y estas no han sufrido variaci\u00f3n alguna.<\/p>\n","protected":false},"excerpt":{"rendered":"<p>Luego que algunos clientes de origen argentino manifestaran su inquietud por una supuesta alza de tarifas en el cruce mar\u00edtimo de Primera Angostura, Transbordadora Austral Broom S.A. (Tabsa) aclar\u00f3 que&#8230; <a class=\"read-more\" href=\"https:\/\/www.radiopresidenteibanez.cl\/web\/tabsa-informo-que-valores-del-cruce-en-primera-angostura-se-mantienen\/\">Leer m\u00e1s<\/a><\/p>\n","protected":false},"author":2,"featured_media":12083,"comment_status":"closed","ping_status":"closed","sticky":false,"template":"","format":"standard","meta":{"footnotes":""},"categories":[1],"tags":[],"class_list":["post-12082","post","type-post","status-publish","format-standard","has-post-thumbnail","hentry","category-cronica"],"_links":{"self":[{"href":"https:\/\/www.radiopresidenteibanez.cl\/web\/wp-json\/wp\/v2\/posts\/12082","targetHints":{"allow":["GET"]}}],"collection":[{"href":"https:\/\/www.radiopresidenteibanez.cl\/web\/wp-json\/wp\/v2\/posts"}],"about":[{"href":"https:\/\/www.radiopresidenteibanez.cl\/web\/wp-json\/wp\/v2\/types\/post"}],"author":[{"embeddable":true,"href":"https:\/\/www.radiopresidenteibanez.cl\/web\/wp-json\/wp\/v2\/users\/2"}],"replies":[{"embeddable":true,"href":"https:\/\/www.radiopresidenteibanez.cl\/web\/wp-json\/wp\/v2\/comments?post=12082"}],"version-history":[{"count":0,"href":"https:\/\/www.radiopresidenteibanez.cl\/web\/wp-json\/wp\/v2\/posts\/12082\/revisions"}],"wp:featuredmedia":[{"embeddable":true,"href":"https:\/\/www.radiopresidenteibanez.cl\/web\/wp-json\/wp\/v2\/media\/12083"}],"wp:attachment":[{"href":"https:\/\/www.radiopresidenteibanez.cl\/web\/wp-json\/wp\/v2\/media?parent=12082"}],"wp:term":[{"taxonomy":"category","embeddable":true,"href":"https:\/\/www.radiopresidenteibanez.cl\/web\/wp-json\/wp\/v2\/categories?post=12082"},{"taxonomy":"post_tag","embeddable":true,"href":"https:\/\/www.radiopresidenteibanez.cl\/web\/wp-json\/wp\/v2\/tags?post=12082"}],"curies":[{"name":"wp","href":"https:\/\/api.w.org\/{rel}","templated":true}]}}