{"id":12073,"date":"2020-05-20T12:47:31","date_gmt":"2020-05-20T12:47:31","guid":{"rendered":"https:\/\/www.radiopresidenteibanez.cl\/web\/?p=12073"},"modified":"2020-05-20T12:47:35","modified_gmt":"2020-05-20T12:47:35","slug":"armada-debio-trabajar-en-varamiento-de-lancha-pesquera","status":"publish","type":"post","link":"https:\/\/www.radiopresidenteibanez.cl\/web\/armada-debio-trabajar-en-varamiento-de-lancha-pesquera\/","title":{"rendered":"ARMADA DEBI\u00d3 TRABAJAR EN VARAMIENTO DE LANCHA PESQUERA"},"content":{"rendered":"\n<p>Durante la ma\u00f1ana del 19 de mayo la\nAutoridad Mar\u00edtima registr\u00f3 una llamada de auxilio, donde se dio a conocer la\nsituaci\u00f3n de una embarcaci\u00f3n pesquera en el sector de Bah\u00eda In\u00fatil, en Isla\nGrande de Tierra del Fuego.<\/p>\n\n\n\n<p>De esta manera se despleg\u00f3 un\namplio operativo&nbsp; de b\u00fasqueda,\nconstatando que la lancha a motor \u201cPilar I\u201d, con tres tripulantes, producto de\nlas malas condiciones meteorol\u00f3gicas hab\u00eda varado en la costa, esto &nbsp;producto del corte de la maniobra fondeo,\nperdiendo el ancla que dej\u00f3 a la deriva la embarcaci\u00f3n en el sector de Puerto\nNuevo frente a Punta Cameron.<\/p>\n\n\n\n<p>Los tres pescadores lograron tomar\ncontacto con las unidades de la Autoridad Mar\u00edtima en el lugar, verific\u00e1ndose\nsu condici\u00f3n y de la embarcaci\u00f3n que, producto del oleaje, termin\u00f3 varando en\nla costa no constatando residuos oleosos ni derrames de combustible.&nbsp; &nbsp;<\/p>\n\n\n\n<p>De inmediato y en forma paralela,\nel helic\u00f3ptero Naval 57 perteneciente al &nbsp;Grupo Aeronaval &nbsp;Sur, se traslad\u00f3 a la zona, sum\u00e1ndose a las tareas\nde exploraci\u00f3n aeromar\u00edtimas, mientras que en el borde costero se encontraban\nlas patrullas del personal de la Autoridad Mar\u00edtima, verificando la estructura\nde la embarcaci\u00f3n, considerando los protocolos establecidos.<\/p>\n\n\n\n<p>El Teniente 1\u00b0 Francisco Ortiz, Capit\u00e1n\nde Puerto de Tierra del Fuego, se\u00f1al\u00f3 que \u201caproximadamente a las 6.20 horas se\nrecibi\u00f3 un llamado an\u00f3nimo en la Capitan\u00eda de Puerto de Punta Arenas, dando\ncuenta de la situaci\u00f3n activando un operativo que comenz\u00f3 por parte de la\nCapitan\u00eda de Puerto de Tierra del Fuego, la cual tomando contacto con un\nfamiliar de los tripulantes de la embarcaci\u00f3n en peligro, constat\u00f3 que era la\nlancha a motor \u201cPilar I\u201d, la cual, producto de la las malas condiciones\nmeteorol\u00f3gicas toco fondo, haciendo que la tripulaci\u00f3n decidiera saltar al mar\nllegando a costa, esto debido al riesgo que la embarcaci\u00f3n se pudiese hundir\u201d,\ncomplementando que \u201cdos patrullas llegaron a tomar contacto con las personas tras\nuna b\u00fasqueda por la zona norte de la Bah\u00eda In\u00fatil, siendo el &nbsp;patr\u00f3n y tripulaci\u00f3n derivadas a la Capitan\u00eda\nde Puerto, quedando la embarcaci\u00f3n anclada &nbsp;en el sector\u201d.<\/p>\n\n\n\n<p>Durante el vuelo de inspecci\u00f3n se\nconstat\u00f3 que no hubo contaminaci\u00f3n del medio ambiente acu\u00e1tico.<\/p>\n\n\n\n<p>Independiente del actual contexto\nde emergencia sanitaria vigente en el pa\u00eds, la instituci\u00f3n mantiene sus\nsistemas de b\u00fasqueda y salvamento, estando preparada ante cualquier\nrequerimiento.<\/p>\n\n\n\n<p>De esta manera la Armada de Chile\ncontin\u00faa con las tareas de la protecci\u00f3n de la vida humana en el mar,\nresguardando las costas del territorio nacional y prestando auxilio a las\ndiferentes embarcaciones que contin\u00faan operando en las rutas mar\u00edtimas de\nMagallanes. &nbsp;&nbsp;&nbsp;<\/p>\n","protected":false},"excerpt":{"rendered":"<p>Durante la ma\u00f1ana del 19 de mayo la Autoridad Mar\u00edtima registr\u00f3 una llamada de auxilio, donde se dio a conocer la situaci\u00f3n de una embarcaci\u00f3n pesquera en el sector de&#8230; <a class=\"read-more\" href=\"https:\/\/www.radiopresidenteibanez.cl\/web\/armada-debio-trabajar-en-varamiento-de-lancha-pesquera\/\">Leer m\u00e1s<\/a><\/p>\n","protected":false},"author":2,"featured_media":12074,"comment_status":"closed","ping_status":"closed","sticky":false,"template":"","format":"standard","meta":{"footnotes":""},"categories":[1],"tags":[],"class_list":["post-12073","post","type-post","status-publish","format-standard","has-post-thumbnail","hentry","category-cronica"],"_links":{"self":[{"href":"https:\/\/www.radiopresidenteibanez.cl\/web\/wp-json\/wp\/v2\/posts\/12073","targetHints":{"allow":["GET"]}}],"collection":[{"href":"https:\/\/www.radiopresidenteibanez.cl\/web\/wp-json\/wp\/v2\/posts"}],"about":[{"href":"https:\/\/www.radiopresidenteibanez.cl\/web\/wp-json\/wp\/v2\/types\/post"}],"author":[{"embeddable":true,"href":"https:\/\/www.radiopresidenteibanez.cl\/web\/wp-json\/wp\/v2\/users\/2"}],"replies":[{"embeddable":true,"href":"https:\/\/www.radiopresidenteibanez.cl\/web\/wp-json\/wp\/v2\/comments?post=12073"}],"version-history":[{"count":0,"href":"https:\/\/www.radiopresidenteibanez.cl\/web\/wp-json\/wp\/v2\/posts\/12073\/revisions"}],"wp:featuredmedia":[{"embeddable":true,"href":"https:\/\/www.radiopresidenteibanez.cl\/web\/wp-json\/wp\/v2\/media\/12074"}],"wp:attachment":[{"href":"https:\/\/www.radiopresidenteibanez.cl\/web\/wp-json\/wp\/v2\/media?parent=12073"}],"wp:term":[{"taxonomy":"category","embeddable":true,"href":"https:\/\/www.radiopresidenteibanez.cl\/web\/wp-json\/wp\/v2\/categories?post=12073"},{"taxonomy":"post_tag","embeddable":true,"href":"https:\/\/www.radiopresidenteibanez.cl\/web\/wp-json\/wp\/v2\/tags?post=12073"}],"curies":[{"name":"wp","href":"https:\/\/api.w.org\/{rel}","templated":true}]}}