{"id":12071,"date":"2020-05-20T12:44:44","date_gmt":"2020-05-20T12:44:44","guid":{"rendered":"https:\/\/www.radiopresidenteibanez.cl\/web\/?p=12071"},"modified":"2020-05-20T12:44:48","modified_gmt":"2020-05-20T12:44:48","slug":"conmemoracion-del-21-de-mayo-2020","status":"publish","type":"post","link":"https:\/\/www.radiopresidenteibanez.cl\/web\/conmemoracion-del-21-de-mayo-2020\/","title":{"rendered":"CONMEMORACI\u00d3N DEL 21 DE MAYO 2020"},"content":{"rendered":"\n<p>En el marco de la conmemoraci\u00f3n de un nuevo Aniversario de las Glorias Navales, en donde se recuerda el 141 aniversario de la gesta del Comandante Arturo Prat Chac\u00f3n y su tripulaci\u00f3n en el &nbsp;Combate Naval de Iquique, se comunica que este a\u00f1o el desarrollo de la ceremonia ser\u00e1 de caracter\u00edsticas distintas producto del actual contexto de emergencia sanitaria.<\/p>\n\n\n\n<p>Es por lo tanto que el acto conmemorativo se realizar\u00e1 manteniendo los protocolos de la autoridad sanitaria, no efectuando el tradicional desfile y manteniendo la distancia f\u00edsica para evitar posible propagaci\u00f3n del Covid-19, por lo cual solicitamos que la ciudadan\u00eda no nos acompa\u00f1e por esta vez en tan simb\u00f3lica ceremonia, la cual podr\u00e1n seguir por las distintas redes sociales de la Instituci\u00f3n.<\/p>\n\n\n\n<p>Sin embargo, al igual que en otras ciudades de la territorio nacional, a las 12.10 horas se realizar\u00e1n los 21 salvas de honor, toques de sirenas por parte de las diferentes unidades de bomberos, embarcaciones y buques en la bah\u00eda, siendo un homenaje a los principios y valores que quedaron inmortalizados en aquella hist\u00f3rica gesta.<\/p>\n\n\n\n<p>Este ser\u00e1 un 21 de mayo distinto, en donde nuevamente la uni\u00f3n y compromiso de muchos est\u00e1 marcando la diferencia ante un enemigo com\u00fan, es por lo cual se insta a mantenerse en sus casas y enarbolar la bandera nacional en homenaje a aquellos que en la rada de Iquique hicieron historia.&nbsp;<\/p>\n","protected":false},"excerpt":{"rendered":"<p>En el marco de la conmemoraci\u00f3n de un nuevo Aniversario de las Glorias Navales, en donde se recuerda el 141 aniversario de la gesta del Comandante Arturo Prat Chac\u00f3n y&#8230; <a class=\"read-more\" href=\"https:\/\/www.radiopresidenteibanez.cl\/web\/conmemoracion-del-21-de-mayo-2020\/\">Leer m\u00e1s<\/a><\/p>\n","protected":false},"author":2,"featured_media":740,"comment_status":"closed","ping_status":"closed","sticky":false,"template":"","format":"standard","meta":{"footnotes":""},"categories":[1],"tags":[],"class_list":["post-12071","post","type-post","status-publish","format-standard","has-post-thumbnail","hentry","category-cronica"],"_links":{"self":[{"href":"https:\/\/www.radiopresidenteibanez.cl\/web\/wp-json\/wp\/v2\/posts\/12071","targetHints":{"allow":["GET"]}}],"collection":[{"href":"https:\/\/www.radiopresidenteibanez.cl\/web\/wp-json\/wp\/v2\/posts"}],"about":[{"href":"https:\/\/www.radiopresidenteibanez.cl\/web\/wp-json\/wp\/v2\/types\/post"}],"author":[{"embeddable":true,"href":"https:\/\/www.radiopresidenteibanez.cl\/web\/wp-json\/wp\/v2\/users\/2"}],"replies":[{"embeddable":true,"href":"https:\/\/www.radiopresidenteibanez.cl\/web\/wp-json\/wp\/v2\/comments?post=12071"}],"version-history":[{"count":0,"href":"https:\/\/www.radiopresidenteibanez.cl\/web\/wp-json\/wp\/v2\/posts\/12071\/revisions"}],"wp:featuredmedia":[{"embeddable":true,"href":"https:\/\/www.radiopresidenteibanez.cl\/web\/wp-json\/wp\/v2\/media\/740"}],"wp:attachment":[{"href":"https:\/\/www.radiopresidenteibanez.cl\/web\/wp-json\/wp\/v2\/media?parent=12071"}],"wp:term":[{"taxonomy":"category","embeddable":true,"href":"https:\/\/www.radiopresidenteibanez.cl\/web\/wp-json\/wp\/v2\/categories?post=12071"},{"taxonomy":"post_tag","embeddable":true,"href":"https:\/\/www.radiopresidenteibanez.cl\/web\/wp-json\/wp\/v2\/tags?post=12071"}],"curies":[{"name":"wp","href":"https:\/\/api.w.org\/{rel}","templated":true}]}}